{"id":2243,"date":"2025-12-05T14:23:14","date_gmt":"2025-12-05T13:23:14","guid":{"rendered":"http:\/\/www.abogadosruidos.com\/blog\/?p=2243"},"modified":"2025-12-05T14:51:41","modified_gmt":"2025-12-05T13:51:41","slug":"denunciar-ruidos-delito-penal-ayuntamientos-rtv1-entrevista-4de4","status":"publish","type":"post","link":"http:\/\/www.abogadosruidos.com\/blog\/denunciar-ruidos-delito-penal-ayuntamientos-rtv1-entrevista-4de4","title":{"rendered":"El abogado especialista en denunciar el ruido responde a RTVE: Entrevista (4 de 4)"},"content":{"rendered":"<h2>Denunciar el ruido como delito, \u00bfCu\u00e1ndo se debe recurrir a la V\u00eda Penal en un problema de ruidos?<\/h2>\n<h3>VEA y ESCUCHE la Entrevista al abogado Ricardo Ayala para La 1 de RTVE<\/h3>\n<p class=\"dropCap\">En esta entrevista, Ricardo Ayala como <strong><em>abogado especialista<\/em> en contaminaci\u00f3n ac\u00fastica<\/strong> habla sobre, <strong>cu\u00e1ndo se puede <em>denunciar el ruido como delito<\/em>, el problema de la pasividad o complicidad de los <em>ayuntamientos<\/em> al hacer la <em>denuncia<\/em> por ruido<\/strong>; y si es Espa\u00f1a <em>ruidosa.<\/em><\/p>\n<p>RESUMEN<\/p>\n<p class=\"dropCap\">Los medios ayudan a <strong>visibilizar el <em>problema del ruido<\/em> y a que la gente <em>denuncie<\/em> m\u00e1s<\/strong>. Antes de llegar al Derechos Penal se deben agotar las v\u00edas administrativas y civiles; solo en casos en que el <em>ruido<\/em> pueda llegar a producir (no hace falta que se haya producido ya) <strong>da\u00f1o grave o riesgo para la salud habr\u00e1 que recurrir a la <em>V\u00eda Penal<\/em><\/strong>.<\/p>\n<p>La <strong>falta de cumplimiento de la <em>Normativa del ruido<\/em> o de la ejecuci\u00f3n de las <em>sentencia<\/em> por parte de <em>ayuntamientos<\/em> complica la soluci\u00f3n a los <em>problemas de ruido<\/em><\/strong>, por lo que tambi\u00e9n son necesarias medidas de concienciaci\u00f3n, educaci\u00f3n y control efectivo sobre las administraciones competentes.<\/p>\n<p><!--more Ver el V\u00eddeo o Leer la Entrevista Completa--><\/p>\n<hr \/>\n<h4>LEER Entrevista<\/h4>\n<p class=\"dropCap\">Si lo prefiere tambi\u00e9n puede leer el texto de la transcripci\u00f3n de la entrevista.<\/p>\n<p><a href=\"#textoEntrevista\">LEA la entrevista en la que se habla de conceptos b\u00e1sicos en la lucha contra el <em>ruido,<\/em> concretamente sobre la importancia de <strong>concienciarnos del da\u00f1o que ocasiona el ruido y por tanto <em>denunciarlo,<\/em> el ruido como delito<\/strong> y Espa\u00f1a como pa\u00eds <em>ruidoso<\/em> \u2193<\/a><\/p>\n<hr \/>\n<h4>V\u00eddeo de la Entrevista<\/h4>\n<p class=\"dropCap\">Es una entrevista para La 1 de RTVE realizada en Septiembre de 2025. Publicamos aqu\u00ed la \u00faltima de las cuatro entregas, 4 de 4.<\/p>\n<p>Duraci\u00f3n aproximada: 6 minutos<\/p>\n<div style=\"width: 840px;\" class=\"wp-video\"><!--[if lt IE 9]><script>document.createElement('video');<\/script><![endif]-->\n<video class=\"wp-video-shortcode\" id=\"video-2243-1\" width=\"840\" height=\"475\" preload=\"metadata\" controls=\"controls\"><source type=\"video\/webm\" src=\"http:\/\/www.abogadosruidos.com\/blog\/wp-content\/uploads\/2025\/12\/abogado-especialista-ruido-delito-via-penal-rtv1-entrevista4.webmsd.webm?_=1\" \/><a href=\"http:\/\/www.abogadosruidos.com\/blog\/wp-content\/uploads\/2025\/12\/abogado-especialista-ruido-delito-via-penal-rtv1-entrevista4.webmsd.webm\">http:\/\/www.abogadosruidos.com\/blog\/wp-content\/uploads\/2025\/12\/abogado-especialista-ruido-delito-via-penal-rtv1-entrevista4.webmsd.webm<\/a><\/video><\/div>\n<hr \/>\n<h4>LEER Entrevista<\/h4>\n<p class=\"dropCap\">Aqu\u00ed encontrar\u00e1 la transcripci\u00f3n de la entrevista.<\/p>\n<h2 id=\"textoEntrevista\">Ricardo Ayala, <strong><em>abogado especialista<\/em> en la defensa frente al <em>ruido<\/em><\/strong><em>,<\/em> RESPONDE (IV)<\/h2>\n<h3>La importancia de los medios de comunicaci\u00f3n para que los ciudadanos <strong><em>denuncien<\/em> el ruido<\/strong><\/h3>\n<p>PREGUNTA<br \/>\n\u00bfPor qu\u00e9 son importante los medios de comunicaci\u00f3n para que la ciudadan\u00eda <strong><em>denuncie<\/em> el ruido y exija sus derechos<\/strong>, y qu\u00e9 otras v\u00edas tiene si los <em>Ayuntamientos<\/em> o Administraciones Auton\u00f3micas no responden?<\/p>\n<p>RESPUESTA, <span class=\"txtBold\">Ricardo Ayala<\/span>.<br \/>\nLos medios de comunicaci\u00f3n juegan un papel clave (hacer una sociedad m\u00e1s moderna y mejor): al informar sobre casos y <em>sentencias,<\/em> <strong>animan a la ciudadan\u00eda a <em>denunciar<\/em> y a reclamar sus derechos<\/strong>.<\/p>\n<p>Aunque las soluciones a veces llegan despacio, la visibilidad que dan las noticias ayuda a que la gente sepa que, <strong>si los <em>ayuntamientos<\/em><\/strong> o las comunidades aut\u00f3nomas <strong>no act\u00faan, siempre existen los <em>tribunales<\/em> como v\u00eda para <em>reclamar<\/em><\/strong><em>.<\/em><\/p>\n<hr \/>\n<h3>El ruido como delito<\/h3>\n<p>PREGUNTA<br \/>\n<strong>\u00bfCu\u00e1ndo puede considerarse <em>delito<\/em> el ruido?<\/strong> \u00bfTiene que ser continuado, superar cierto n\u00famero de <em>decibelios<\/em> o cumplir otro criterio?<\/p>\n<p>RESPUESTA<br \/>\nEn el <strong>Derecho Penal el <em>delito,<\/em> es la \u00faltima instancia<\/strong>. Antes deber\u00eda haber otras soluciones en Derecho Administrativo y en Derecho Civil, en defensa de derechos fundamentales, como he dicho, \u00bfno?<\/p>\n<p>Para que sea un delito tiene que ser lo m\u00e1s grave. Decimos que es la \u00faltima instancia, a lo \u00faltimo que hay que recurrir, y normalmente antes se ha recurrido a las otras instancias, a que el <em>Ayuntamiento<\/em> sancione con <em>multas<\/em>, a que el Ayuntamiento imponga medidas correctoras. <strong>Solo cuando las sanciones administrativas o las medidas correctoras no se aplican o no se cumplen, y el problema persiste, cabe acudir a la V\u00eda Penal<\/strong>.<\/p>\n<p>Y en el Derecho Penal, <strong>\u00bfcu\u00e1ndo es <em>delito?<\/em> Cuando se produce un da\u00f1o grave o un riesgo grave para la salud por culpa del <em>ruido<\/em><\/strong><em>.<\/em><\/p>\n<div class=\"ladillo boxShadow\"><q>El ruido es una forma de contaminaci\u00f3n ambiental invisible que debe valorarse como tal cuando es grave<\/q><\/div>\n<p>Estamos hablando del derecho contra el medio ambiente. En el caso de un <strong>delito contra el medio ambiente<\/strong> lo vemos todos claro. Si, por ejemplo, es contaminaci\u00f3n por humos, si es contaminaci\u00f3n por gases nos ahogamos. <strong>El ruido parece que es el asesino invisible<\/strong>. Entonces, tenemos que determinar <strong>cu\u00e1ndo recurrir a la V\u00eda Penal; cu\u00e1ndo est\u00e1 causando una contaminaci\u00f3n grave<\/strong>.<\/p>\n<div class=\"ladillo boxShadow\"><q>Dos criterios de gravedad del ruido: Volumen <em>(decibelios)<\/em> y por duraci\u00f3n<\/q><\/div>\n<p>Y puede ser grave por dos motivos, por la intensidad, porque vulnera las normas y los reglamentos del ruido y por tanto est\u00e1 <strong>sobrepasando unos l\u00edmites de m\u00e1s de 7 decibelios, o de m\u00e1s de 5 decibelios<\/strong>, y tambi\u00e9n, muy importante, porque aunque sean de menor intensidad se produce en una larga exposici\u00f3n en el tiempo, o sea, dura mucho. No es lo mismo aguantar el <em>ruido<\/em> una hora que aguantarlo todos los d\u00edas o muchos fines de semana.<\/p>\n<div class=\"ladillo boxShadow\"><q>En qu\u00e9 horario se produce el ruido. \u00bfImpide el sue\u00f1o de los vecinos?<\/q><\/div>\n<p>Y tampoco es lo mismo si ese ruido se produce en horas que te impidan el sue\u00f1o, por ejemplo. Claro, hay que ser conscientes de que est\u00e1s impidiendo dormir a alguien que a lo mejor ma\u00f1ana (es conductor) te lleva en autob\u00fas, en un avi\u00f3n o te tiene que operar. Por eso es importante preservar ese medio ambiente, que es la calidad de vida de los ciudadanos y es un tema de concienciaci\u00f3n, de sentido com\u00fan y de educaci\u00f3n y de respeto.<\/p>\n<hr \/>\n<p>PREGUNTA<br \/>\nEn Espa\u00f1a \u00bfhacemos mucho ruido?<\/p>\n<p>RESPUESTA<\/p>\n<div class=\"ladillo boxShadow\"><q>Vivir en la calle con buen tiempo genera ruido; hay que hacerlo sin molestar<\/q><\/div>\n<p>En Espa\u00f1a somos latinos, en general somos mediterr\u00e1neos, aunque somos muy variados. No en todas las partes se hace igual de ruido, \u00bfno? Pero en las grandes ciudades, sobre todo, <strong>cada vez se hace m\u00e1s <em>ruido<\/em><\/strong><em>.<\/em> \u00bfY por qu\u00e9 se hace m\u00e1s <em>ruido?<\/em> Porque la tecnolog\u00eda y los aparatos son cada vez m\u00e1s potentes y no tenemos conciencia del da\u00f1o que esto puede producir.<\/p>\n<div class=\"ladillo boxShadow\"><q>Ser conscientes de cuando molestamos por ruidos<\/q><\/div>\n<p>Ahora, a nivel ciudadano, y sobre todo con el buen tiempo, vivimos en la calle. Somos un pa\u00eds de ventanas abiertas, de corralas y de salir a la calle con las sillas y de vivir en la plaza p\u00fablica, \u00bfno?<\/p>\n<p>Entonces eso se puede hacer, pero se debe hacer sin molestar. Tenemos que ser conscientes de la molestia. No se puede hacer botell\u00f3n, no se puede llevar el loro a todo volumen, el aparato de m\u00fasica bestial. Entonces, hacemos <em>ruido<\/em> s\u00ed, porque vivimos mucho tiempo fuera.<\/p>\n<h3><strong>El problema del <em>ruido<\/em> de las <em>terrazas<\/em><\/strong><\/h3>\n<p>Otro ejemplo, las terrazas, o peor aun, las megaterrazas, es como tener una manifestaci\u00f3n de 100 personas debajo. Eso no es l\u00f3gico, porque <strong>aunque hablen normal son cien personas a escasos cinco metros de tu ventana<\/strong>. Entonces, tenemos que trabajar en la educaci\u00f3n y en concienciarnos en que <span class=\"txtBold\">no puede haber debajo de tu ventana una terraza con cien personas, tienen que estar m\u00e1s lejos<\/span>. Para eso est\u00e1n las plazas, no est\u00e1n las calles con las <em>terrazas.<\/em><\/p>\n<hr \/>\n<h3>\u00bfPor qu\u00e9 las <em>sentencias<\/em> contra el ruido no siempre son efectivas?<\/h3>\n<p>PREGUNTA<br \/>\nPero, por ejemplo, unos ciudadanos de M\u00e1laga dicen que <em>denunciaron<\/em> y ganaron. <strong>El <em>Ayuntamiento<\/em> est\u00e1 condenado, pero la situaci\u00f3n no ha cambiado mucho. Vamos<\/strong>, que recurrir a los <em>tribunales<\/em> a veces no es efectivo.<\/p>\n<p>RESPUESTA<br \/>\nS\u00ed, efectivamente. \u00bfPor qu\u00e9? Porque como he dicho antes el problema muchas veces est\u00e1 en los propios <em>ayuntamientos,<\/em> en los propios <strong>funcionarios que no hacen cumplir la normativa<\/strong>, y ya no solamente la ley, sino las sentencias que les dictan.<\/p>\n<div class=\"ladillo boxShadow\"><q><strong><em>Ayuntamientos<\/em> c\u00f3mplices del ruido<\/strong><\/q><\/div>\n<p>\u00bfQu\u00e9 dicen los tribunales a los ayuntamientos? No exigen medidas concretas. Les dice, \u00abCumpla la ley porque la est\u00e1 incumpliendo. Adopte las medidas necesarias para no molestar ni contaminar que se adapten a la ley\u201d. Ah\u00ed est\u00e1 el problema. Puedes ganar un juicio, pero <strong>la ejecuci\u00f3n de la <em>sentencia<\/em> es m\u00e1s dif\u00edcil que ganar el juicio frente a <em>ayuntamientos<\/em><\/strong><em>.<\/em><\/p>\n<p>\u00bfQu\u00e9 pasa? Por eso digo que <strong>los <em>ayuntamientos<\/em> muchas veces son el problema y no la soluci\u00f3n a las <em>molestias por ruidos<\/em><\/strong>. Los funcionarios, la <em>polic\u00eda<\/em> no est\u00e1 actuando con el deber que tienen que cumplir. <strong>Hay inactividad o complicidad con la hosteler\u00eda<\/strong> en muchos casos, \u00bfno?<\/p>\n<hr \/>\n<h3><strong>La V\u00eda Civil contra el ruido<\/strong><\/h3>\n<p>Por eso hay que acudir a otras v\u00edas jurisdiccionales, la <em>V\u00eda Contencioso Administrativo<\/em> en la ejecuci\u00f3n de la <em>sentencia,<\/em> pero sobre todo <strong>la C<em>ivil,<\/em> contra bares ruidosos, contra discotecas, contra las <em>terrazas<\/em> que est\u00e1n generando ruidos<\/strong> y molestias sin poner ning\u00fan cuidado.<br \/>\n.<\/p>\n<div class=\"ladillo boxShadow\"><q>La licencia de un negocio no autoriza a molestar<\/q><\/div>\n<p>Y el empresario debe tener cuidado de que eso no suceda; puedes tener derecho a realizar tu actividad econ\u00f3mica, pero no puedes hacer abuso. Puedes tener una <em>licencia,<\/em> pero no tienes <em>licencia.<\/em> para contaminar, <strong>no tienes <em>licencia<\/em> para molestar<\/strong>.<\/p>\n<p>Y en \u00faltimo caso, cuando son <strong><em>discotecas<\/em> ruidosas<\/strong>, por ejemplo, aunque la m\u00fasica a gran volumen est\u00e1 dentro, tiene un efecto colateral hacia lo que est\u00e1 fuera; <span class=\"txtBold\">a los vecinos a trav\u00e9s de las paredes, pues no les deja dormir<\/span>. Puedes ir a lo <em>penal<\/em> si el <em>ruido<\/em> (o las <em>vibraciones<\/em>) es constante, es grave en su intensidad y en su perpetuidad.<\/p>\n<hr \/>\n<h4>Consulte su caso conmigo<\/h4>\n<p class=\"dropCap\">No se quede con dudas, si usted sufre las <strong><em>molestias<\/em> y ruidos<\/strong>, h\u00e1game su consulta.<\/p>\n<p><a href=\"..\/consultar-gratis-abogado-problemas-ruidos.php\" title=\"Consulte su Problema de Ruidos con el Abogado Especialista\">\u2709 Puedo ayudarle a acabar con su <strong><em>problema de ruidos<\/em><\/strong>. Cu\u00e9nteme su caso brevemente, para poder darle una cita personal &rarr;<\/a><\/p>1\n<hr \/>\n<p class=\"dropCap\">\u211bicardo Ayala &#8211; StopRuido\u00a0\ud83d\udd07<\/p>\n","protected":false},"excerpt":{"rendered":"<p>Denunciar el ruido como delito, \u00bfCu\u00e1ndo se debe recurrir a la V\u00eda Penal en un problema de ruidos? VEA y ESCUCHE la Entrevista al abogado Ricardo Ayala para La 1 de RTVE En esta entrevista, Ricardo Ayala como abogado especialista en contaminaci\u00f3n ac\u00fastica habla sobre, cu\u00e1ndo se puede denunciar el ruido como delito, el problema &hellip; <a href=\"http:\/\/www.abogadosruidos.com\/blog\/denunciar-ruidos-delito-penal-ayuntamientos-rtv1-entrevista-4de4\" class=\"more-link\">Continuar leyendo<span class=\"screen-reader-text\"> \u00abEl abogado especialista en denunciar el ruido responde a RTVE: Entrevista (4 de 4)\u00bb<\/span><\/a><\/p>\n","protected":false},"author":1,"featured_media":0,"comment_status":"closed","ping_status":"open","sticky":false,"template":"","format":"standard","meta":{"om_disable_all_campaigns":false,"_exactmetrics_skip_tracking":false,"_exactmetrics_sitenote_active":false,"_exactmetrics_sitenote_note":"","_exactmetrics_sitenote_category":0,"_mi_skip_tracking":false,"_monsterinsights_sitenote_active":false,"_monsterinsights_sitenote_note":"","_monsterinsights_sitenote_category":0},"categories":[4],"tags":[33,31,14,90],"aioseo_notices":[],"_links":{"self":[{"href":"http:\/\/www.abogadosruidos.com\/blog\/wp-json\/wp\/v2\/posts\/2243"}],"collection":[{"href":"http:\/\/www.abogadosruidos.com\/blog\/wp-json\/wp\/v2\/posts"}],"about":[{"href":"http:\/\/www.abogadosruidos.com\/blog\/wp-json\/wp\/v2\/types\/post"}],"author":[{"embeddable":true,"href":"http:\/\/www.abogadosruidos.com\/blog\/wp-json\/wp\/v2\/users\/1"}],"replies":[{"embeddable":true,"href":"http:\/\/www.abogadosruidos.com\/blog\/wp-json\/wp\/v2\/comments?post=2243"}],"version-history":[{"count":11,"href":"http:\/\/www.abogadosruidos.com\/blog\/wp-json\/wp\/v2\/posts\/2243\/revisions"}],"predecessor-version":[{"id":2258,"href":"http:\/\/www.abogadosruidos.com\/blog\/wp-json\/wp\/v2\/posts\/2243\/revisions\/2258"}],"wp:attachment":[{"href":"http:\/\/www.abogadosruidos.com\/blog\/wp-json\/wp\/v2\/media?parent=2243"}],"wp:term":[{"taxonomy":"category","embeddable":true,"href":"http:\/\/www.abogadosruidos.com\/blog\/wp-json\/wp\/v2\/categories?post=2243"},{"taxonomy":"post_tag","embeddable":true,"href":"http:\/\/www.abogadosruidos.com\/blog\/wp-json\/wp\/v2\/tags?post=2243"}],"curies":[{"name":"wp","href":"https:\/\/api.w.org\/{rel}","templated":true}]}}