{"id":2190,"date":"2025-10-31T13:50:50","date_gmt":"2025-10-31T12:50:50","guid":{"rendered":"http:\/\/www.abogadosruidos.com\/blog\/?p=2190"},"modified":"2025-12-05T14:50:51","modified_gmt":"2025-12-05T13:50:51","slug":"abogado-especialista-derechos-ruido-rtv1-entrevista-3de4","status":"publish","type":"post","link":"http:\/\/www.abogadosruidos.com\/blog\/abogado-especialista-derechos-ruido-rtv1-entrevista-3de4","title":{"rendered":"El abogado especialista en la lucha contra el ruido responde a RTVE: Entrevista (3 de 4)"},"content":{"rendered":"<h2><strong>Sus <em>Derechos<\/em> Contra el Ruido<\/strong><\/h2>\n<h3>VEA y ESCUCHE la Entrevista al <strong><em>abogado<\/em> especialista<\/strong> Ricardo Ayala para La 1 de RTVE<\/h3>\n<p class=\"dropCap\">En esta entrevista, Ricardo Ayala como <strong><em>abogado especializado <\/em>en contaminaci\u00f3n ac\u00fastica<\/strong> habla sobre la importancia de que como ciudadanos <strong>conozcamos los <em>derechos<\/em> que nos defienden del <em>ruido<\/em><\/strong><em>.<\/em><\/p>\n<p><!--more Ver o Leer la Entrevista completa--><\/p>\n<hr \/>\n<h4>LEER LA Entrevista<\/h4>\n<p class=\"dropCap\">Si lo prefiere tambi\u00e9n puede leer el texto de la transcripci\u00f3n de la entrevista.<\/p>\n<p><a href=\"#textoEntrevista\">LEA la entrevista en la que se habla de conceptos b\u00e1sicos en la lucha contra el <em>ruido,<\/em> concretamente sobre el Derecho a ser dejado en paz \u2193<\/a><\/p>\n<hr \/>\n<h4>V\u00eddeo<\/h4>\n<p class=\"dropCap\">Es una entrevista para RTV1 realizada en Septiembre de 2025. Publicamos aqu\u00ed la tercera parte de las cuatro entregas.<\/p>\n<p>Duraci\u00f3n: 1 minuto:<\/p>\n<div style=\"width: 840px;\" class=\"wp-video\"><!--[if lt IE 9]><script>document.createElement('video');<\/script><![endif]-->\n<video class=\"wp-video-shortcode\" id=\"video-2190-1\" width=\"840\" height=\"475\" preload=\"metadata\" controls=\"controls\"><source type=\"video\/webm\" src=\"http:\/\/www.abogadosruidos.com\/blog\/wp-content\/uploads\/2025\/10\/abogado-especialista-denunciar-ruido-rtv1-entrevista3.webmsd.webm?_=1\" \/><a href=\"http:\/\/www.abogadosruidos.com\/blog\/wp-content\/uploads\/2025\/10\/abogado-especialista-denunciar-ruido-rtv1-entrevista3.webmsd.webm\">http:\/\/www.abogadosruidos.com\/blog\/wp-content\/uploads\/2025\/10\/abogado-especialista-denunciar-ruido-rtv1-entrevista3.webmsd.webm<\/a><\/video><\/div>\n<hr \/>\n<h2 id=\"textoEntrevista\">Ricardo Ayala, <strong><em>abogado especialista<\/em> en la defensa frente al ruido<\/strong>, RESPONDE (III)<\/h2>\n<p>Ricardo Ayala, <strong><em>abogado especialista<\/em> en defensa del ruido<\/strong>, RESPONDE (III)<\/p>\n<p>PREGUNTA<\/p>\n<p>Como <strong>abogados especialistas en <em>contaminaci\u00f3n ac\u00fastica<\/em><\/strong>, \u00bfest\u00e1is viendo en estos \u00faltimos a\u00f1os <strong>m\u00e1s denuncias por ruido<\/strong>?<\/p>\n<p>RESPUESTA<\/p>\n<p>S\u00ed, efectivamente. Los <em>derechos<\/em> si no se respetan, porque se entiende que la obligaci\u00f3n es la de no causar <em>da\u00f1o por ruido<\/em>, hay que llevarlos a los tribunales. Y los tribunales est\u00e1n abiertos a la defensa de algo tan elemental y tan de sentido com\u00fan como es, que no nos molesten.<strong> El <em>derecho<\/em> a ser dejado en paz en tu vivienda, el <em>derecho<\/em> a que no te perturben los ruidos en los espacios p\u00fablicos<\/strong>. Incluso en las calles que son de todos.<\/p>\n<p>Entonces, efectivamente, en los derechos, lo que transmitimos y lo que creemos que tiene que haber es una labor de concienciaci\u00f3n y educaci\u00f3n desde los colegios hasta los ayuntamientos, hasta a nivel ciudadano ( a todos los niveles ), es el respeto mutuo y que tengamos el derecho a ser dejado en paz, a ser respetado, que eso implica el <strong>derecho a la intimidad y el derecho a la salud<\/strong>.<\/p>\n<p class=\"dropCap\">\u211bicardo Ayala &#8211; StopRuido\u00a0\ud83d\udd07<\/p>\n<hr \/>\n","protected":false},"excerpt":{"rendered":"<p>Sus Derechos Contra el Ruido VEA y ESCUCHE la Entrevista al abogado especialista Ricardo Ayala para La 1 de RTVE En esta entrevista, Ricardo Ayala como abogado especializado en contaminaci\u00f3n ac\u00fastica habla sobre la importancia de que como ciudadanos conozcamos los derechos que nos defienden del ruido.<\/p>\n","protected":false},"author":1,"featured_media":0,"comment_status":"closed","ping_status":"open","sticky":false,"template":"","format":"standard","meta":{"om_disable_all_campaigns":false,"_exactmetrics_skip_tracking":false,"_exactmetrics_sitenote_active":false,"_exactmetrics_sitenote_note":"","_exactmetrics_sitenote_category":0,"_mi_skip_tracking":false,"_monsterinsights_sitenote_active":false,"_monsterinsights_sitenote_note":"","_monsterinsights_sitenote_category":0},"categories":[19],"tags":[62,14],"aioseo_notices":[],"_links":{"self":[{"href":"http:\/\/www.abogadosruidos.com\/blog\/wp-json\/wp\/v2\/posts\/2190"}],"collection":[{"href":"http:\/\/www.abogadosruidos.com\/blog\/wp-json\/wp\/v2\/posts"}],"about":[{"href":"http:\/\/www.abogadosruidos.com\/blog\/wp-json\/wp\/v2\/types\/post"}],"author":[{"embeddable":true,"href":"http:\/\/www.abogadosruidos.com\/blog\/wp-json\/wp\/v2\/users\/1"}],"replies":[{"embeddable":true,"href":"http:\/\/www.abogadosruidos.com\/blog\/wp-json\/wp\/v2\/comments?post=2190"}],"version-history":[{"count":7,"href":"http:\/\/www.abogadosruidos.com\/blog\/wp-json\/wp\/v2\/posts\/2190\/revisions"}],"predecessor-version":[{"id":2260,"href":"http:\/\/www.abogadosruidos.com\/blog\/wp-json\/wp\/v2\/posts\/2190\/revisions\/2260"}],"wp:attachment":[{"href":"http:\/\/www.abogadosruidos.com\/blog\/wp-json\/wp\/v2\/media?parent=2190"}],"wp:term":[{"taxonomy":"category","embeddable":true,"href":"http:\/\/www.abogadosruidos.com\/blog\/wp-json\/wp\/v2\/categories?post=2190"},{"taxonomy":"post_tag","embeddable":true,"href":"http:\/\/www.abogadosruidos.com\/blog\/wp-json\/wp\/v2\/tags?post=2190"}],"curies":[{"name":"wp","href":"https:\/\/api.w.org\/{rel}","templated":true}]}}