{"id":2133,"date":"2025-10-03T14:22:07","date_gmt":"2025-10-03T12:22:07","guid":{"rendered":"http:\/\/www.abogadosruidos.com\/blog\/?p=2133"},"modified":"2025-12-05T14:50:25","modified_gmt":"2025-12-05T13:50:25","slug":"abogado-especialista-denunciar-ruido-rtv1-entrevista-2de4","status":"publish","type":"post","link":"http:\/\/www.abogadosruidos.com\/blog\/abogado-especialista-denunciar-ruido-rtv1-entrevista-2de4","title":{"rendered":"El abogado especialista en la lucha contra el ruido responde a RTVE: Entrevista (2 de 4)"},"content":{"rendered":"<h2>Las <strong><em>Denuncias<\/em> por Ruidos<\/strong> Han Aumentado<\/h2>\n<h3>VEA y ESCUCHE la Entrevista al <em>Abogado<\/em> Ricardo Ayala para La 1 de RTVE<\/h3>\n<p class=\"dropCap\">En esta entrevista, Ricardo Ayala como <strong><em>abogado especialista<\/em> en contaminaci\u00f3n ac\u00fastica<\/strong> habla sobre las <strong><em>denuncias<\/em> y el cumplimiento de la Normativa de Ruidos<\/strong>.<\/p>\n<p><!--more Ver o Leer la Entrevista completa--><\/p>\n<hr \/>\n<h4>LEER Entrevista<\/h4>\n<p class=\"dropCap\">Si lo prefiere tambi\u00e9n puede leer el texto de la transcripci\u00f3n de la entrevista.<\/p>\n<p><a href=\"#textoEntrevista\">LEA la entrevista en la que se habla de conceptos b\u00e1sicos en la lucha contra el <em>ruido,<\/em> concretamente sobre las denuncias y el cumplimiento de la Normativa de Ruidos \u2193<\/a><\/p>\n<hr \/>\n<h4>V\u00eddeo de la Entrevista<\/h4>\n<p class=\"dropCap\">Es una entrevista para RTV1 realizada en Septiembre de 2025. Publicamos aqu\u00ed una segunda parte de las cuatro entregas.<\/p>\n<div style=\"width: 840px;\" class=\"wp-video\"><!--[if lt IE 9]><script>document.createElement('video');<\/script><![endif]-->\n<video class=\"wp-video-shortcode\" id=\"video-2133-1\" width=\"840\" height=\"475\" preload=\"metadata\" controls=\"controls\"><source type=\"video\/webm\" src=\"http:\/\/www.abogadosruidos.com\/blog\/wp-content\/uploads\/2025\/10\/abogado-especialista-denunciar-ruido-rtv1-entrevista2.webmsd.webm?_=1\" \/><a href=\"http:\/\/www.abogadosruidos.com\/blog\/wp-content\/uploads\/2025\/10\/abogado-especialista-denunciar-ruido-rtv1-entrevista2.webmsd.webm\">http:\/\/www.abogadosruidos.com\/blog\/wp-content\/uploads\/2025\/10\/abogado-especialista-denunciar-ruido-rtv1-entrevista2.webmsd.webm<\/a><\/video><\/div>\n<p>Duraci\u00f3n: 3 minuto y medio:<\/p>\n<hr \/>\n<h2 id=\"textoEntrevista\">Ricardo Ayala, <strong><em>abogado especialista<\/em> en la defensa frente al ruido<\/strong>, RESPONDE (II)<\/h2>\n<p>PREGUNTA<br \/>\n\u00bfQu\u00e9 es el ruido y que diferencia tendr\u00eda con la m\u00fasica?<\/p>\n<p>RESPUESTA<br \/>\nEl ruido es un sonido molesto que perturba tu conducta. La m\u00fasica no es ruido en principio, pero una m\u00fasica muy alta o la misma canci\u00f3n muy repetida se convierte en ruido.<\/p>\n<p>El ruido tiene la facultad de perturbar, de alterar tu comportamiento cuando t\u00fa no quieres que eso pase. Puedes irte a una raid musical y entonces esos sonidos son bestiales, pero t\u00fa lo quieres. No es ruido, pasa a ser ocio o pasa a ser m\u00fasica.<\/p>\n<p><strong>El ruido tiene la componente de molestia<\/strong>, de perjuicio y te altera la conducta, tu comportamiento, no solamente ante uno, sino de la familia o del grupo.<\/p>\n<p>PREGUNTA<br \/>\nYo no s\u00e9 si en Espa\u00f1a, en los \u00faltimos tiempos, han recibido <strong>m\u00e1s <em>denuncias<\/em> que antes en referencia <em>ruido<\/em><\/strong>.<\/p>\n<p>RESPUESTA<br \/>\nEn Espa\u00f1a, tenemos una legislaci\u00f3n mejorable como toda, pero suficiente. Dicha legislaci\u00f3n ha ido cambiando desde la <strong>Ley del Ruido en 2003<\/strong> por las directivas europeas y que se aplican en las<em><strong> ordenanzas municipales y en los reglamentos del ruido<\/strong><\/em>.<\/p>\n<p>Esas legislaciones europeas est\u00e1n en concordancia con el aumento de la sensibilidad del ciudadano frente al ruido; pero hay que hacerla cumplir.<\/p>\n<p><strong>Estamos fallando en el cumplimiento de la <em>Normativa sobre Ruidos<\/em><\/strong>. Primero, a nivel ciudadano, a nivel de locales de ocio o a nivel de <em>conciertos<\/em> o a nivel de <em>discotecas<\/em> o a nivel de fiestas populares, que se est\u00e1n desmadrando.<\/p>\n<p>Entonces, falta el autocontrol del propio <em>promotor de conciertos<\/em> o del propio ciudadano; y falta el control del que tiene la obligaci\u00f3n fundamental de imponerlo, que son los <em><strong>ayuntamientos<\/strong>.<\/em><\/p>\n<p>Entonces creo que adem\u00e1s del control autocontrol, de esa gesti\u00f3n de ruido, tiene que darse que los ciudadanos conozcan sus derechos.<\/p>\n<p>Gracias a estas jurisprudencia, a los cambios, a las sensibilidades de los tribunales que tambi\u00e9n son ciudadanos, los jueces frente al ruido est\u00e1n abriendo puertas en defensa, en <strong>limitaci\u00f3n de esa <em>contaminaci\u00f3n ac\u00fastica<\/em> ambiental<\/strong>, que lleva tambi\u00e9n contaminaci\u00f3n de suciedad.<\/p>\n<p>PREGUNTA<br \/>\nPero entonces, \u00bfhan notado que ahora se denuncia m\u00e1s?.<\/p>\n<p>RESPUESTA<br \/>\nS\u00ed, porque como dec\u00eda, los ciudadanos a partir de ah\u00ed conocen sus derechos a trav\u00e9s de estas sentencias que se van logrando y entonces saben que los ayuntamientos no est\u00e1n cumpliendo; saben que muchas veces <strong>los ayuntamientos son los promotores de esos conciertos en fiestas populares<\/strong> y dem\u00e1s, o que permiten hacerlo a promotores particulares, como en el festival Mad Cool, es el caso Bernabeu. En el caso Oca\u00f1a es al propio ayuntamiento a quien se ha cerrado la plaza mayor en los tribunales. Caso Puerto L\u00e1pice. Tambi\u00e9n los carnavales de Gran Canaria.<\/p>\n<p>Entonces, lo importante es que el ciudadano sepa los derechos que tiene y que cuando no se los defiende o es el problema del Ayuntamiento, los tribunales le amparan. Le amparan en V\u00eda Contenciosa Administrativa y en V\u00eda Civil y en los casos m\u00e1s importantes en V\u00eda Penal.<\/p>\n<p>Y todo eso lleva un resarcimiento, no solamente el cese del ruido para que cese y no se contin\u00fae produciendo, sino que adem\u00e1s conlleva una <strong><em>indemnizaci\u00f3n<\/em> por haberte causado un da\u00f1o<\/strong>. Depende del nivel del da\u00f1o y de la gravedad.<\/p>\n<p class=\"dropCap\">\u211bicardo Ayala &#8211; StopRuido\u00a0\ud83d\udd07<\/p>\n<hr \/>\n<h4>Consulte su caso conmigo<\/h4>\n<p class=\"dropCap\">No se quede con dudas, si usted sufre las <strong><em>molestias<\/em> y ruidos<\/strong>, h\u00e1game su consulta.<\/p>\n<p><a href=\"..\/consultar-gratis-abogado-problemas-ruidos.php\" title=\"Consulte su Problema de Ruidos con el Abogado Especialista\">\u2709 Puedo ayudarle a acabar con su <strong><em>problema de ruidos<\/em><\/strong>. Cu\u00e9nteme su caso brevemente, para poder darle una cita personal &rarr;<\/a><\/p>1\n<hr \/>\n","protected":false},"excerpt":{"rendered":"<p>Las Denuncias por Ruidos Han Aumentado VEA y ESCUCHE la Entrevista al Abogado Ricardo Ayala para La 1 de RTVE En esta entrevista, Ricardo Ayala como abogado especialista en contaminaci\u00f3n ac\u00fastica habla sobre las denuncias y el cumplimiento de la Normativa de Ruidos.<\/p>\n","protected":false},"author":1,"featured_media":0,"comment_status":"closed","ping_status":"open","sticky":false,"template":"","format":"standard","meta":{"om_disable_all_campaigns":false,"_exactmetrics_skip_tracking":false,"_exactmetrics_sitenote_active":false,"_exactmetrics_sitenote_note":"","_exactmetrics_sitenote_category":0,"_mi_skip_tracking":false,"_monsterinsights_sitenote_active":false,"_monsterinsights_sitenote_note":"","_monsterinsights_sitenote_category":0},"categories":[19],"tags":[],"aioseo_notices":[],"_links":{"self":[{"href":"http:\/\/www.abogadosruidos.com\/blog\/wp-json\/wp\/v2\/posts\/2133"}],"collection":[{"href":"http:\/\/www.abogadosruidos.com\/blog\/wp-json\/wp\/v2\/posts"}],"about":[{"href":"http:\/\/www.abogadosruidos.com\/blog\/wp-json\/wp\/v2\/types\/post"}],"author":[{"embeddable":true,"href":"http:\/\/www.abogadosruidos.com\/blog\/wp-json\/wp\/v2\/users\/1"}],"replies":[{"embeddable":true,"href":"http:\/\/www.abogadosruidos.com\/blog\/wp-json\/wp\/v2\/comments?post=2133"}],"version-history":[{"count":8,"href":"http:\/\/www.abogadosruidos.com\/blog\/wp-json\/wp\/v2\/posts\/2133\/revisions"}],"predecessor-version":[{"id":2259,"href":"http:\/\/www.abogadosruidos.com\/blog\/wp-json\/wp\/v2\/posts\/2133\/revisions\/2259"}],"wp:attachment":[{"href":"http:\/\/www.abogadosruidos.com\/blog\/wp-json\/wp\/v2\/media?parent=2133"}],"wp:term":[{"taxonomy":"category","embeddable":true,"href":"http:\/\/www.abogadosruidos.com\/blog\/wp-json\/wp\/v2\/categories?post=2133"},{"taxonomy":"post_tag","embeddable":true,"href":"http:\/\/www.abogadosruidos.com\/blog\/wp-json\/wp\/v2\/tags?post=2133"}],"curies":[{"name":"wp","href":"https:\/\/api.w.org\/{rel}","templated":true}]}}