{"id":2107,"date":"2025-09-19T14:06:35","date_gmt":"2025-09-19T12:06:35","guid":{"rendered":"http:\/\/www.abogadosruidos.com\/blog\/?p=2107"},"modified":"2025-12-05T14:52:26","modified_gmt":"2025-12-05T13:52:26","slug":"abogado-especialista-ruido-delito-rtv1-entrevista-1de4","status":"publish","type":"post","link":"http:\/\/www.abogadosruidos.com\/blog\/abogado-especialista-ruido-delito-rtv1-entrevista-1de4","title":{"rendered":"El abogado especialista en la lucha contra el ruido responde a RTVE: Entrevista (1 de 4)"},"content":{"rendered":"<h2>Delito por ruidos: La V\u00eda Penal<\/h2>\n<h3>El <strong><em>abogado especialista<\/em> en la defensa frente al <em>ruido<\/em><\/strong><em>,<\/em> RESPONDE a La 1 de RTVE (I)<\/h3>\n<p class=\"dropCap\">En esta entrevista, Ricardo Ayala (Vicepresidente de la Asociaci\u00f3n de Juristas Contra el Ruido), como <strong><em>abogado experto<\/em> en contaminaci\u00f3n ac\u00fastica<\/strong> afirma que en determinados casos <strong>hacer <em>ruido<\/em> puede ser un delito<\/strong>.<\/p>\n<p>En estos casos, debido a su extrema gravedad, podemos <strong>defendernos por la V\u00eda Penal<\/strong>, pudiendo llevar a los que <strong>contaminan con <em>ruidos<\/em> a multas cuantiosas e incluso a penas de c\u00e1rcel<\/strong>.<\/p>\n<p>En este art\u00edculo puede ver el <strong>v\u00eddeo de la entrevista para RTV1<\/strong>.<\/p>\n<p><!--more Ver o Leer la Entrevista sobre El ruido como posible delito--><\/p>\n<hr \/>\n<h4>LEER Entrevista<\/h4>\n<p class=\"dropCap\">Si lo prefiere, debajo del v\u00eddeo puede leer el texto de la transcripci\u00f3n de esta entrevista.<\/p>\n<p><a href=\"#textoEntrevista\">LEA la entrevista en la que se habla de conceptos b\u00e1sicos en la lucha contra el <em>ruido,<\/em> concretamente sobre la <strong>V\u00eda <em>Penal<\/em> del ruido<\/strong> \u2193<\/a><\/p>\n<hr \/>\n<h4>VER Entrevista<\/h4>\n<h3>V\u00eddeo de la entrevista al abogado especialista en ruidos, Ricardo Ayala para RTV1, parte I<\/h3>\n<p class=\"dropCap\">Es una entrevista para RTV1 realizada en Septiembre de 2025. Publicamos aqu\u00ed una primera parte de las cuatro entregas.<\/p>\n<p>Duraci\u00f3n: 2 minutos y medio:<\/p>\n<div style=\"width: 840px;\" class=\"wp-video\"><!--[if lt IE 9]><script>document.createElement('video');<\/script><![endif]-->\n<video class=\"wp-video-shortcode\" id=\"video-2107-1\" width=\"840\" height=\"475\" preload=\"metadata\" controls=\"controls\"><source type=\"video\/webm\" src=\"http:\/\/www.abogadosruidos.com\/blog\/wp-content\/uploads\/2025\/09\/abogado-especialista-ruido-delito-rtv1-entrevista1.webmsd.webm?_=1\" \/><a href=\"http:\/\/www.abogadosruidos.com\/blog\/wp-content\/uploads\/2025\/09\/abogado-especialista-ruido-delito-rtv1-entrevista1.webmsd.webm\">http:\/\/www.abogadosruidos.com\/blog\/wp-content\/uploads\/2025\/09\/abogado-especialista-ruido-delito-rtv1-entrevista1.webmsd.webm<\/a><\/video><\/div>\n<hr \/>\n<h2 id=\"textoEntrevista\">Ricardo Ayala, <strong><em>abogado especialista<\/em> en la defensa frente al ruido<\/strong>, RESPONDE (I)<\/h2>\n<h4>Transcripci\u00f3n del texto de la Entrevista<\/h4>\n<p>PREGUNTA<br \/>\nVamos a empezar por lo general, \u00bfhay un <strong><em>delito<\/em> por ruido<\/strong>? \u00bfCu\u00e1l ser\u00eda ese <em>delito<\/em> que dicen que existe?<\/p>\n<p>RESPUESTA<\/p>\n<p class=\"dropCap\">El <em>ruido<\/em> tiene distintos tratamientos, el m\u00e1s grave es el Penal, que es el <strong><em>delito<\/em> contra el medio ambiente<\/strong>.<\/p>\n<p>Est\u00e1 previsto en el art\u00edculo 325 y lo que dice es que <strong>no se puede poner en riesgo grave<\/strong> ni por supuesto hacer da\u00f1o o causar perjuicios graves al medio ambiente, incluido <strong>el medio ambiente urbano y a los ciudadanos<\/strong>.<\/p>\n<div class=\"ladillo boxShadow\"><q><strong>El ruido puede llegar a ser un <em>delito<\/em><\/strong><\/q><\/div>\n<p>Cuando el <em>ruido<\/em> producido es grave por su continuidad y por su intensidad, entonces se puede incurrir en ese delito y podemos <strong>defendernos ampar\u00e1ndonos en el <em>Derecho Penal<\/em><\/strong>.<\/p>\n<p>Es importante recalcar que <strong>no hace falta ni siquiera que se produzca el da\u00f1o<\/strong>, sino que es suficiente la posibilidad real y cierta de que se est\u00e1 perjudicando y que<strong> puede acabar causando un da\u00f1o<\/strong>. Es lo que llamamos un <em>delito<\/em> de \u00edndole te\u00f3rica. Algunos ejemplos, unas obras de un edificio, una discoteca, etc.<\/p>\n<div class=\"ladillo boxShadow\"><q>Los ciudadanos tienen que conocer cu\u00e1les son las distintas <strong>v\u00edas del Derecho contra el <em>ruido<\/em><\/strong><\/q><\/div>\n<p><strong>\u00bfQu\u00e9 otros tipos de defensa tenemos frente al ruido aparte de la <em>V\u00eda Penal<\/em>?<\/strong> Porque tenemos dentro del tratamiento jur\u00eddico distintos \u00e1mbitos.<\/p>\n<p>La defensa del ruido, como comentaba, puede ser a nivel Penal, que es lo m\u00e1s grave, pero tiene tambi\u00e9n las defensas m\u00e1s habituales que son la <strong>Contencioso Administrativa<\/strong> (propia de los ayuntamientos) y a nivel <strong>Civil<\/strong>, por vulneraci\u00f3n de derechos fundamentales.<\/p>\n<p>Entonces, hay barreras que vamos abriendo en el Derecho y que pretendemos que los ciudadanos conozcan, para que puedan <strong>defenderse frente a esas intromisiones del <em>ruido<\/em><\/strong><em>.<\/em><\/p>\n<p>PREGUNTA<\/p>\n<p>En el caso de <strong>Vulneraci\u00f3n de Derechos Fundamentales<\/strong> de los vecinos, \u00bfqu\u00e9 podr\u00eda ser, por ejemplo?<\/p>\n<p>RESPUESTA<\/p>\n<p class=\"dropCap\">Podemos citar casos de muy variada \u00edndole. De los m\u00e1s recientes, por su actualidad,<\/p>\n<div class=\"ladillo boxShadow\"><strong><q>Cierre de un <em>club de p\u00e1del<\/em> ruidoso<\/q><\/strong><\/div>\n<p>por ejemplo, hemos cerrado <strong>por Vulneraci\u00f3n de Derechos Fundamentales por intromisi\u00f3n del <em>ruido<\/em><\/strong> en la intimidad personal y afectaci\u00f3n al Derecho a la Salud y a la Intimidad del Domicilio, unas <strong><em>pistas de p\u00e1del<\/em><\/strong>.<\/p>\n<p>Se trataba de un <strong><em>club de p\u00e1del<\/em><\/strong> que afectaba por su continuidad y su exposici\u00f3n y gravedad del sonido a toda una comunidad de propietarios de mucha gente.<\/p>\n<div class=\"ladillo boxShadow\"><q><em>Conciertos<\/em> en el Estadio del Bernab\u00e9u<\/q><\/div>\n<p>Otro. Por ejemplo, el Santiago Bernab\u00e9u, que est\u00e1 en proceso penal, precisamente porque los conciertos vulneraban debido a la frecuencia (pr\u00e1cticamente uno cada d\u00eda de la semana) e <strong>intensidad en el <em>nivel decibelios<\/em><\/strong> el medio ambiente; y potencialmente da\u00f1aban la salud de las personas que residen all\u00ed.<\/p>\n<p class=\"dropCap\">\u211bicardo Ayala &#8211; StopRuido\u00a0\ud83d\udd07<\/p>\n<hr \/>\n<h4>Consulte su caso conmigo<\/h4>\n<p class=\"dropCap\">No se quede con dudas, si usted sufre las <strong><em>molestias<\/em> y ruidos<\/strong>, h\u00e1game su consulta.<\/p>\n<p><a href=\"..\/consultar-gratis-abogado-problemas-ruidos.php\" title=\"Consulte su Problema de Ruidos con el Abogado Especialista\">\u2709 Puedo ayudarle a acabar con su <strong><em>problema de ruidos<\/em><\/strong>. Cu\u00e9nteme su caso brevemente, para poder darle una cita personal &rarr;<\/a><\/p>1\n<hr \/>\n","protected":false},"excerpt":{"rendered":"<p>Delito por ruidos: La V\u00eda Penal El abogado especialista en la defensa frente al ruido, RESPONDE a La 1 de RTVE (I) En esta entrevista, Ricardo Ayala (Vicepresidente de la Asociaci\u00f3n de Juristas Contra el Ruido), como abogado experto en contaminaci\u00f3n ac\u00fastica afirma que en determinados casos hacer ruido puede ser un delito. En estos &hellip; <a href=\"http:\/\/www.abogadosruidos.com\/blog\/abogado-especialista-ruido-delito-rtv1-entrevista-1de4\" class=\"more-link\">Continuar leyendo<span class=\"screen-reader-text\"> \u00abEl abogado especialista en la lucha contra el ruido responde a RTVE: Entrevista (1 de 4)\u00bb<\/span><\/a><\/p>\n","protected":false},"author":1,"featured_media":0,"comment_status":"closed","ping_status":"open","sticky":false,"template":"","format":"standard","meta":{"om_disable_all_campaigns":false,"_exactmetrics_skip_tracking":false,"_exactmetrics_sitenote_active":false,"_exactmetrics_sitenote_note":"","_exactmetrics_sitenote_category":0,"_mi_skip_tracking":false,"_monsterinsights_sitenote_active":false,"_monsterinsights_sitenote_note":"","_monsterinsights_sitenote_category":0},"categories":[19],"tags":[31,14,90],"aioseo_notices":[],"_links":{"self":[{"href":"http:\/\/www.abogadosruidos.com\/blog\/wp-json\/wp\/v2\/posts\/2107"}],"collection":[{"href":"http:\/\/www.abogadosruidos.com\/blog\/wp-json\/wp\/v2\/posts"}],"about":[{"href":"http:\/\/www.abogadosruidos.com\/blog\/wp-json\/wp\/v2\/types\/post"}],"author":[{"embeddable":true,"href":"http:\/\/www.abogadosruidos.com\/blog\/wp-json\/wp\/v2\/users\/1"}],"replies":[{"embeddable":true,"href":"http:\/\/www.abogadosruidos.com\/blog\/wp-json\/wp\/v2\/comments?post=2107"}],"version-history":[{"count":25,"href":"http:\/\/www.abogadosruidos.com\/blog\/wp-json\/wp\/v2\/posts\/2107\/revisions"}],"predecessor-version":[{"id":2261,"href":"http:\/\/www.abogadosruidos.com\/blog\/wp-json\/wp\/v2\/posts\/2107\/revisions\/2261"}],"wp:attachment":[{"href":"http:\/\/www.abogadosruidos.com\/blog\/wp-json\/wp\/v2\/media?parent=2107"}],"wp:term":[{"taxonomy":"category","embeddable":true,"href":"http:\/\/www.abogadosruidos.com\/blog\/wp-json\/wp\/v2\/categories?post=2107"},{"taxonomy":"post_tag","embeddable":true,"href":"http:\/\/www.abogadosruidos.com\/blog\/wp-json\/wp\/v2\/tags?post=2107"}],"curies":[{"name":"wp","href":"https:\/\/api.w.org\/{rel}","templated":true}]}}