{"id":1991,"date":"2025-03-20T21:44:43","date_gmt":"2025-03-20T20:44:43","guid":{"rendered":"http:\/\/www.abogadosruidos.com\/blog\/?p=1991"},"modified":"2025-03-20T21:44:43","modified_gmt":"2025-03-20T20:44:43","slug":"celebraciones-bodas-fiestas-fincas-rurales-denunciar-ruido","status":"publish","type":"post","link":"http:\/\/www.abogadosruidos.com\/blog\/celebraciones-bodas-fiestas-fincas-rurales-denunciar-ruido","title":{"rendered":"Ruidos por Celebraci\u00f3n de BODAS, Comuniones y Fiestas en una Finca Rural"},"content":{"rendered":"<h2><strong>Denunciamos el ruido de <em>celebraciones de bodas<\/em>, comuniones y fiestas<\/strong> que se hacen en <em>fincas r\u00fasticas<\/em><\/h2>\n<h3><strong>\u00bfSe puede denunciar el ruido de celebraciones de bodas y otros eventos <em>ruidosos<\/em> en <em>fincas rurales<\/em>?<\/strong><\/h3>\n<p class=\"dropCap\">En este art\u00edculo le vamos a contar el problema de tener una casa en un entorno r\u00fastico junto a una finca en la que se celebran todo tipo de celebraciones ruidosas y qu\u00e9 se puede hacer para solucionar el problema.<\/p>\n<h3>Nuestras acciones como <strong><em>abogados especialistas<\/em> en ruidos<\/strong><\/h3>\n<p><!--more Leer m\u00e1s sobre este caso--><\/p>\n<h4>Env\u00edo de un burofax<\/h4>\n<p class=\"dropCap\">Enviamos un burofax en nombre de la propietaria de la vivienda que est\u00e1 junto a una <strong><em>finca rural<\/em> en la que se celebran todo tipo de eventos <em>ruidosos<\/em> como bodas y fiestas<\/strong>. En este burofax pedimos el <strong>fin del ruido causado por las <em>celebraciones<\/em><\/strong>.<\/p>\n<p>Manifestamos en esa carta nuestra preocupaci\u00f3n por la <strong>grave contaminaci\u00f3n ac\u00fastica causada, como hemos dicho, por <em>bodas, comuniones<\/em> y todo tipo de <em>fiestas ruidosas<\/em> y celebraciones<\/strong>.<\/p>\n<p>Este burofax es una petici\u00f3n formal del <strong>cese de <em>celebraciones<\/em> ruidosas<\/strong>. Es un paso <strong>imprescindible para <em>reclamar por ruidos<\/em><\/strong>.<\/p>\n<h3>Implicamos tambi\u00e9n al due\u00f1o de la finca rural y no solo al responsable del <em>negocio ruidoso<\/em><\/h3>\n<div class=\"ladillo boxShadow\"><q>IMPORTANTE: Implicar siempre al due\u00f1o<\/q><\/div>\n<p class=\"dropCap\">Tambi\u00e9n enviamos copia al due\u00f1o de la finca (que no tiene que ser siempre el <strong>responsable del negocio de <em>celebraciones de bodas<\/em> y otros eventos causantes de <em>ruidos<\/em><\/strong><em>)<\/em> para que entendieran la gravedad del problema y asumieran su responsabilidad.<\/p>\n<div class=\"ladillo boxShadow\"><q>Le pedimos que tomara medidas urgentes para frenar el ruido.<\/q><\/div>\n<p>Le planteamos, incluso, que est\u00e1 previsto en la Ley que se puede dejar de alquilar la finca r\u00fastica (llegar a la <strong>resoluci\u00f3n del contrato de arrendamiento) por actividades molestas por <em>ruidos<\/em><\/strong>.<\/p>\n<h3>La gravedad de este problema de ruido<\/h3>\n<p class=\"dropCap\">Nuestra clienta vive en esa casa en un entorno rural desde siempre, igual que lo hizo su madre antes de fallecer. Desde que comenzaron las <strong><em>fiestas en la finca,<\/em> sufre el <em>ruido<\/em> constante<\/strong> causado por los numerosos eventos que <strong>se <em>celebraban<\/em> cada fin de semana<\/strong>.<\/p>\n<p>Las <em>celebraciones<\/em> se hacen tanto en el jard\u00edn como en el edificio anexo, donde las puertas siempre est\u00e1n abiertas por lo que tambi\u00e9n <strong>llega la m\u00fasica y el <em>ruido<\/em> del interior<\/strong>.<\/p>\n<div class=\"ladillo boxShadow\"><q>El problema se agrava con la llegada del buen tiempo<\/q><\/div>\n<p>El problema empeor\u00f3 hace tres a\u00f1os, cuando aument\u00f3 el n\u00famero de <em>celebraciones ruidosas<\/em>. Y tambi\u00e9n con la llegada de la primavera, en la que se suelen celebrar m\u00e1s bodas y comuniones. Adem\u00e1s, hay que tener en cuenta que se trata del medio rural donde se presupone una mayor tranquilidad y ambiente de silencio.<\/p>\n<hr \/>\n<h2>\u00bfDe d\u00f3nde proviene y qu\u00e9 es lo que <em>causa el ruido<\/em> en este caso?<\/h2>\n<p>Las principales <strong>fuentes de <em>contaminaci\u00f3n ac\u00fastica<\/em><\/strong> son:<\/p>\n<h3><strong>M\u00fasica a <em>volumen excesivo<\/em><\/strong><\/h3>\n<p class=\"dropCap\"><em>M\u00fasica a volumen muy alto en el jard\u00edn de la finca<\/em>, desde el d\u00eda hasta la madrugada para amenizar c\u00f3cteles de <em>bodas,<\/em> comidas, cenas y fiestas con discoteca (con efectos de luces que son tambi\u00e9n muy molestos).<\/p>\n<p>Los tonos graves sobre todo <strong>hacen <em>vibrar<\/em> la casa de la afectada por los <em>ruidos<\/em><\/strong>. Este hecho, mantenido en el tiempo, puede da\u00f1ar la estructura de la vivienda de la v\u00edctima y causar la <strong>aparici\u00f3n de <em>grietas<\/em><\/strong> u otras consecuencias de mayor gravedad.<\/p>\n<h3>Eventos al aire libre<\/h3>\n<p class=\"dropCap\">Ceremonias al aire libre en las que se usan micr\u00f3fonos para la celebraci\u00f3n, discursos de familiares y otros actos propios de comuniones, bodas etc., siempre acompa\u00f1ados de m\u00fasica de fondo.<\/p>\n<h3>Conciertos en vivo<\/h3>\n<p class=\"dropCap\">Actuaciones musicales en vivo <strong>al aire libre a un <em>volumen muy elevado<\/em><\/strong>, realizadas por grupos de flamenco, m\u00fasica pop con instrumentos o charangas, siempre con amplificadores.<\/p>\n<h3>Altavoces repartidos por el jard\u00edn<\/h3>\n<p class=\"dropCap\">La instalaci\u00f3n de altavoces por todo el jard\u00edn, lo que hace que <strong>el <em>ruido<\/em> llegue a todas partes y afecte la vivienda<\/strong> de nuestra representada.<\/p>\n<h3>M\u00fasica desde temprano<\/h3>\n<p class=\"dropCap\">La reproducci\u00f3n de m\u00fasica desde primeras horas de la ma\u00f1ana para animar a los trabajadores que preparan los eventos.<\/p>\n<h3>Voces, gritos y otros ruidos<\/h3>\n<p class=\"dropCap\">El constante murmullo de los invitados, <em>gritos,<\/em> silbidos, aumentos repentinos en el <em>volumen de la m\u00fasica<\/em>, <em>ruidos<\/em> de camareros, mobiliario exterior, cubiertos y platos, entre otros.<\/p>\n<h3><em><strong>Discoteca<\/strong><\/em><\/h3>\n<p class=\"dropCap\"><strong>M\u00fasica de <em>discoteca<\/em><\/strong> en el edificio de la finca, con las puertas abiertas de par en par, lo que permite que el sonido se propague al exterior, como si el evento se realizara al aire libre.<\/p>\n<h3>Cu\u00e1ndo se producen los ruidos. En qu\u00e9 d\u00edas y horario de las molestias<\/h3>\n<p class=\"dropCap\">Estos ruidos se intensifican los fines de semana, desde el viernes por la tarde hasta la madrugada del domingo. Se celebran eventos los viernes y s\u00e1bados, sobre todo en \u00e9pocas de buen tiempo. Esto impide a nuestra clienta descansar, hacer sus actividades diarias y disfrutar leg\u00edtimamente de su hogar.<\/p>\n<hr \/>\n<h4>Intentos previos de resolver el problema de forma amistosa<\/h4>\n<p class=\"dropCap\">Nuestra clienta <strong>ha pedido muchas veces que bajen el <em>volumen<\/em><\/strong> y limiten las actividades al aire libre, pero nadie le ha hecho caso.<\/p>\n<div class=\"ladillo boxShadow\"><q>Cuando ella o su madre fueron a reclamar a veces apagaban la m\u00fasica un momento, pero luego volv\u00edan a subir el volumen.<\/q><\/div>\n<p>Adem\u00e1s, se les record\u00f3 a los causantes del ruido que, cuando ella o su difunta madre se presentaron a <em>reclamar,<\/em> se les asegur\u00f3 que se reducir\u00eda el volumen. Sin embargo, en la pr\u00e1ctica, esto no sucedi\u00f3: en algunos casos, la m\u00fasica se apagaba moment\u00e1neamente para luego volverla a poner. Estas acciones demostraban un desprecio y una falta de respeto inaceptables.<\/p>\n<h3><strong>Mediciones de <em>niveles de ruido<\/em><\/strong><\/h3>\n<p class=\"dropCap\">Ante esta situaci\u00f3n, nuestra clienta tuvo que <strong>contratar a un perito especializado en <em>mediciones ac\u00fasticas<\/em><\/strong>.<\/p>\n<p>El <strong>t\u00e9cnico realiz\u00f3 <em>mediciones<\/em> durante varios d\u00edas para determinar el <em>nivel de ruido<\/em> proveniente de la finca<\/strong> que afectaba a la vivienda. Los resultados fueron alarmantes.<\/p>\n<p>Las <em>mediciones de ruido<\/em> registradas fueron de 87, 84, 86, 68, 76, 77 y 83 dB en distintos d\u00edas.<\/p>\n<p>Esto <strong>supera en hasta 27 dB el <em>l\u00edmite legal de ruidos<\/em> de 60 dB<\/strong> durante el d\u00eda, lo que infringe gravemente la ley (RD 1367\/2007).<\/p>\n<p>Ofrecimos estos <strong>informes a los responsables de los <em>eventos ruidosos<\/em><\/strong> y pedimos un correo electr\u00f3nico para envi\u00e1rselos. Tambi\u00e9n les propusimos una <strong>reuni\u00f3n con el <em>perito en ac\u00fastica<\/em><\/strong> para poder explicar a los causantes del ruido los resultados m\u00e1s en detalle.<\/p>\n<hr \/>\n<h3>Petici\u00f3n formal del cese de actividades ruidosas<\/h3>\n<p class=\"dropCap\">Dejamos claro a los causantes del ruido que esta situaci\u00f3n se ha prolongado demasiado y no puede continuar. Est\u00e1 <strong>afectando la salud y la vida privada<\/strong> de nuestra clienta. Se necesita una soluci\u00f3n inmediata para <strong>acabar con esta <em>contaminaci\u00f3n ac\u00fastica<\/em><\/strong>, tanto en el interior como en el exterior de su vivienda.<\/p>\n<h3>Para evitar acciones legales, exigimos que el ruido cese de inmediato.<\/h3>\n<p>Esta petici\u00f3n se basa en las relaciones de buena vecindad, las responsabilidades empresariales y las obligaciones legales derivadas de la <em>celebraci\u00f3n de bodas<\/em> y eventos p\u00fablicos.<\/p>\n<p>Se dej\u00f3 claro que, si no se toman medidas efectivas para eliminar la <em>contaminaci\u00f3n ac\u00fastica<\/em>, se evidenciar\u00e1 mala fe e intenci\u00f3n de perjudicar a los vecinos de la finca en cuesti\u00f3n. Esto obligar\u00e1 a iniciar de inmediato las acciones judiciales, tanto civiles como penales, para poner fin a la situaci\u00f3n.<\/p>\n<h3>Derecho a una <em><strong>indemnizaci\u00f3n<\/strong><\/em><\/h3>\n<div class=\"ladillo boxShadow\"><q>El que <em>contamina<\/em>, \u00a1paga!<\/q><\/div>\n<p class=\"dropCap\">Tambi\u00e9n pedimos una <strong><em>indemnizaci\u00f3n<\/em> por los da\u00f1os sufridos<\/strong> (el resarcimiento por da\u00f1os morales y perjuicios personales, que pueden resultar cuantiosos).<\/p>\n<h3>Los <em>ruidosos<\/em> tendr\u00e1n que pagar todos los gastos<\/h3>\n<p class=\"dropCap\">Por \u00faltimo, se reclam\u00f3 el <strong>pago de las costas del proceso, los honorarios del abogado y procurador, y el costo de las <em>mediciones ac\u00fasticas<\/em><\/strong> realizadas, adem\u00e1s de las que se efect\u00faen en el futuro para demostrar la persistencia de las molestias por ruidos y los <em>da\u00f1os a la salud<\/em> de nuestra representada.<\/p>\n<h3>Hemos denunciado a la finca ruidosa ante el <em>Ayuntamiento<\/em><\/h3>\n<p class=\"dropCap\">Asimismo, <strong><em>denunciamos<\/em> estos hechos ante el <em>Ayuntamiento<\/em><\/strong> correspondiente. Esto se hizo para que se impongan las <em>sanciones<\/em> pertinentes<\/p>\n<div class=\"ladillo boxShadow\"><q>Pedimos que se verificase que el <strong>negocio <em>ruidoso<\/em> tiene las <em>licencias<\/em> necesarias<\/strong><\/q><\/div>\n<p>Tambi\u00e9n hemos pedido que <strong>se verifique la legalidad de la <em>licencia de actividad<\/em> del negocio<\/strong>, as\u00ed como la autorizaci\u00f3n para la instalaci\u00f3n de equipos de m\u00fasica en el exterior (equipos de reproducci\u00f3n y amplificaci\u00f3n sonora), as\u00ed como el correcto cumplimiento de los tr\u00e1mites legales y <em>limitaciones<\/em> correspondientes.<\/p>\n<p>Igualmente, se requiri\u00f3 <strong>al <em>Ayuntamiento<\/em> que haga cumplir estrictamente la <em>normativa<\/em> en materia de <em>contaminaci\u00f3n ac\u00fastica<\/em><\/strong>, la cual debe aplicarse sin excepciones en la propiedad de nuestra representada.<\/p>\n<p>Adem\u00e1s, consideramos que las autoridades y funcionarios municipales incurrieron en presunta prevaricaci\u00f3n administrativa al <strong>permitir el incumplimiento de la <em>normativa de ruidos<\/em><\/strong> en beneficio exclusivo del negocio establecido en la susodicha finca.<\/p>\n<hr \/>\n<h4>Conclusiones<\/h4>\n<p class=\"dropCap\">Confiamos en que esta situaci\u00f3n, <strong>por el bien de la salud de la afectada por los ruidos<\/strong>, pueda resolverse cuanto antes. Estamos dispuestos a dialogar con la otra parte y sus abogados para encontrar una soluci\u00f3n amistosa.<\/p>\n<hr \/>\n<p class=\"dropCap\">No se queden con dudas, tanto si es usted un <strong>particular o representa una <em>Comunidad<\/em> de Propietarios que sufren <em>molestias por ruidos<\/em> por celebraciones de bodas, comuniones y otros eventos y fiestas ruidosas, h\u00e1ganme su <em>consulta<\/em>.<\/strong><\/p>\n<p><a href=\"..\/consultar-gratis-abogado-problemas-ruidos.php\" title=\"Consulte su Problema de Ruidos con el Abogado Especialista\">\u2709 Puedo ayudarle a acabar con su <strong><em>problema de ruidos<\/em><\/strong>. Cu\u00e9nteme su caso brevemente, para poder darle una cita personal &rarr;<\/a><\/p>1\n<p>Tambi\u00e9n puede contactarnos por tel\u00e9fono:<\/p>\n<p class=\"tlfBig\">915 91 40 43<\/p>\n<hr \/>\n","protected":false},"excerpt":{"rendered":"<p>Denunciamos el ruido de celebraciones de bodas, comuniones y fiestas que se hacen en fincas r\u00fasticas \u00bfSe puede denunciar el ruido de celebraciones de bodas y otros eventos ruidosos en fincas rurales? En este art\u00edculo le vamos a contar el problema de tener una casa en un entorno r\u00fastico junto a una finca en la &hellip; <a href=\"http:\/\/www.abogadosruidos.com\/blog\/celebraciones-bodas-fiestas-fincas-rurales-denunciar-ruido\" class=\"more-link\">Continuar leyendo<span class=\"screen-reader-text\"> \u00abRuidos por Celebraci\u00f3n de BODAS, Comuniones y Fiestas en una Finca Rural\u00bb<\/span><\/a><\/p>\n","protected":false},"author":1,"featured_media":0,"comment_status":"closed","ping_status":"open","sticky":false,"template":"","format":"standard","meta":{"om_disable_all_campaigns":false,"_exactmetrics_skip_tracking":false,"_exactmetrics_sitenote_active":false,"_exactmetrics_sitenote_note":"","_exactmetrics_sitenote_category":0,"_mi_skip_tracking":false,"_monsterinsights_sitenote_active":false,"_monsterinsights_sitenote_note":"","_monsterinsights_sitenote_category":0},"categories":[4],"tags":[],"aioseo_notices":[],"_links":{"self":[{"href":"http:\/\/www.abogadosruidos.com\/blog\/wp-json\/wp\/v2\/posts\/1991"}],"collection":[{"href":"http:\/\/www.abogadosruidos.com\/blog\/wp-json\/wp\/v2\/posts"}],"about":[{"href":"http:\/\/www.abogadosruidos.com\/blog\/wp-json\/wp\/v2\/types\/post"}],"author":[{"embeddable":true,"href":"http:\/\/www.abogadosruidos.com\/blog\/wp-json\/wp\/v2\/users\/1"}],"replies":[{"embeddable":true,"href":"http:\/\/www.abogadosruidos.com\/blog\/wp-json\/wp\/v2\/comments?post=1991"}],"version-history":[{"count":18,"href":"http:\/\/www.abogadosruidos.com\/blog\/wp-json\/wp\/v2\/posts\/1991\/revisions"}],"predecessor-version":[{"id":2010,"href":"http:\/\/www.abogadosruidos.com\/blog\/wp-json\/wp\/v2\/posts\/1991\/revisions\/2010"}],"wp:attachment":[{"href":"http:\/\/www.abogadosruidos.com\/blog\/wp-json\/wp\/v2\/media?parent=1991"}],"wp:term":[{"taxonomy":"category","embeddable":true,"href":"http:\/\/www.abogadosruidos.com\/blog\/wp-json\/wp\/v2\/categories?post=1991"},{"taxonomy":"post_tag","embeddable":true,"href":"http:\/\/www.abogadosruidos.com\/blog\/wp-json\/wp\/v2\/tags?post=1991"}],"curies":[{"name":"wp","href":"https:\/\/api.w.org\/{rel}","templated":true}]}}