{"id":1947,"date":"2024-11-11T23:10:51","date_gmt":"2024-11-11T22:10:51","guid":{"rendered":"http:\/\/www.abogadosruidos.com\/blog\/?p=1947"},"modified":"2024-11-14T11:08:08","modified_gmt":"2024-11-14T10:08:08","slug":"ruidos-plaza-mayor-puerto-lapice-facr2","status":"publish","type":"post","link":"http:\/\/www.abogadosruidos.com\/blog\/ruidos-plaza-mayor-puerto-lapice-facr2","title":{"rendered":"Ruidos en la Plaza Mayor por Fiestas y Conciertos: Conferencia, Parte II"},"content":{"rendered":"<h2>La Plaza Mayor de Puerto L\u00e1pice, acoge eventos ruidosos durante todo el a\u00f1o<\/h2>\n<h3>Los dos casos de <em><strong>contaminaci\u00f3n ac\u00fastica<\/strong><\/em> de Puerto Lapice<\/h3>\n<p class=\"dropCap\">Y, efectivamente, digo los dos casos. \u00bfCuales fueron estos dos procesos de <em>ruido?<\/em><\/p>\n<p>Pues bien, el denominador com\u00fan de ambos es una familia, pr\u00e1cticamente la \u00faltima que quedaba en la plaza, bell\u00edsima y recoleta, y que se ve\u00eda asediada por sus pol\u00edticos para que la plaza dejara de ser la Plaza para convertirse en el recinto ferial, o si le queremos llamar el event\u00f3dromo.<\/p>\n<p class=\"dropCap\">Y no solamente del pueblo, sino de toda la comarca, que acud\u00eda a los conciertos ruidosos que se produc\u00edan pr\u00e1cticamente durante todo el a\u00f1o. Llegamos a sumar mas de 30 entre fines de semana y d\u00edas festivos.<\/p>\n<div class=\"ladillo boxShadow\"><q>Conseguimos medidas cautelares para parar los ruido hasta que hubiese sentencia<\/q><\/div>\n<p>Por eso, porque se prolongaba todo el a\u00f1o, hubo dos procedimientos y dos sentencias. Y, no solamente eso sino que adem\u00e1s en cada uno los distintos juzgados dictaron resoluciones aprobando medidas cautelares para limitar los da\u00f1os en tanto se dictaba sentencia firme.<\/p>\n<p><!--more Leer m\u00e1s sobre este caso de la Plaza Mayor de Puerto L\u00e1pice --><\/p>\n<h2>Usaron la Plaza Mayor como lugar de celebraciones ruidosas durante los 12 meses del a\u00f1o<\/h2>\n<p class=\"dropCap\">Por eso lo dividimos en dos: el caso del invierno que llamamos de la carpa; y por otro lado el caso del verano que llamamos del escenario.<\/p>\n<p>El ayuntamiento decidi\u00f3 que as\u00ed la plaza pod\u00eda estar permanentemente utilizada con m\u00faltiples actividades sobre todo de conciertos y fiestas tipo discoteca, siempre con m\u00fasica con alto volumen, incluso el cine de verano en sesi\u00f3n continua de noche.<\/p>\n<div class=\"ladillo boxShadow\"><q>Todos los eventos tienen que cumplir la normativa de ruidos<\/q><\/div>\n<p>Conseguimos que los dos juzgados, y luego lo ratificaron los tribunales superiores acordaron que se pudieran hacer solo las actividades y eventos que pudieran cumplir la normativa ac\u00fastica medioambiental.<\/p>\n<p>Es decir, que volviera la plaza a su naturaleza urban\u00edstica y social, para que fuera compatible con la habitabilidad de sus residentes, aunque solo fuera una familia. Haci\u00e9ndose salvedad de las fiestas patronales que gozan de la excepci\u00f3n de suspensi\u00f3n de los niveles de calidad ac\u00fastica.<\/p>\n<h3>La decisi\u00f3n del juzgado en primera instancia fue inaceptable<\/h3>\n<p class=\"dropCap\">Las dos medidas adoptadas no fueron id\u00e9nticas en una de ellas el juzgado determin\u00f3 que los vecinos fueran indemnizados con el coste del hotel durante los fines de semana.<\/p>\n<p>Por supuesto nos pareci\u00f3 inadmisible, lo recurrimos y el tribunal superior dictamin\u00f3 que no deb\u00edan soportar est\u00e1 servidumbre de ruidos, y que los vecinos tuvieran obligatoriamente que irse de su casa, pues, sus derechos estaban por encima de las actividades p\u00fablicas de ocio e incluso las empresariales y econ\u00f3micas en beneficio de la hosteler\u00eda de la plaza.<\/p>\n<h3>La importancia de las <em><strong>Medidas Cautelares<\/strong><\/em> en la lucha contra el <em>ruido<\/em><\/h3>\n<p class=\"dropCap\">Es fundamental destacar la importancia en estos asuntos ante la jurisdicci\u00f3n contencioso administrativa de la petici\u00f3n de las medidas cautelares; pues con su adopci\u00f3n los ciudadanos perjudicados se ven amparados en un corto espacio de tiempo por la tutela judicial efectiva de sus tribunales sin tener que esperar no menos de un a\u00f1o para obtener una sentencia en primera instancia, y al menos otro a\u00f1o para que sea firme si hay recursos.<\/p>\n<div class=\"ladillo boxShadow\"><q>Gracias a las <em><strong>medidas cautelares<\/strong><\/em> les cambi\u00f3 la vida a los afectados<\/q><\/div>\n<p>Las <em>medidas cautelares<\/em> son de obligado cumplimiento incluso, como fue en estos casos, aunque las recurran los ayuntamientos; so pena de incurrir las autoridades y funcionarios en delitos de desobediencia a la autoridad judicial. Por ello, se les requiri\u00f3 formalmente para que las acatar\u00e1n ante las primeras veleidades de darles un cumplimiento tibio o disimulado.<\/p>\n<p>Las medias cautelares tambi\u00e9n se prolongan durante la segunda instancia hasta que recae una sentencia firme, lo cual garantiza una calidad de vida inmediata para los vecinos afectados<\/p>\n<h3>El acoso de los vecinos que pretenden divertirse a costa de la salud de los dem\u00e1s<\/h3>\n<p class=\"dropCap\">No obstante, estos frecuentemente se pueden ver, c\u00f3mo fue el caso, incomprendidos y asediados por otros vecinos que no entienden y que creen tener m\u00e1s derecho al ocio que a la intimidad de los hogares, y a preservar la dignidad de los mismos, y sobre todo evitar riesgos a la salud alterar continua y gravemente el descanso y la cotidianidad de esta familia.<\/p>\n<div class=\"ladillo boxShadow\"><q>Es m\u00e1s importante el derecho a la salud y al descanso que la diversi\u00f3n y el ocio <\/q><\/div>\n<p>De hecho en la pr\u00e1ctica con la estimaci\u00f3n por los dos juzgados de medidas cautelares sesentaron las bases para la estimaci\u00f3n de la demanda en el procedimiento principal que mantuvo en la sentencia las mismas l\u00edneas argumentales de prioridad de los derechos fundamentales de las personas demandantes.<\/p>\n<h3>Es fundamental tener buenas <strong>mediciones de <em>niveles de ruidos<\/em><\/strong><\/h3>\n<p class=\"dropCap\">Para todo ello, es clave preparar la demanda con un s\u00f3lido material probatorio sobre todo de mediciones ac\u00fasticas, para evidenciar los altos niveles sonoros invasivos de la m\u00fasica de los conciertos y del p\u00fablico en sus hogares y la consiguiente infracci\u00f3n normativa.<\/p>\n<div class=\"ladillo boxShadow\"><q>Ya hay peligro para la salud en cuanto se superan los 7dB<\/q><\/div>\n<p>Hay que destacar que por encima de 7 decibelios de exposici\u00f3n continuada al ruido se empieza a generar riesgos objetivos para la salud de las personas y en la mayor\u00eda de estos conciertos se superaba con creces esos niveles peligrosos; y adem\u00e1s, durante muchas horas y muchos d\u00edas con sus noches.<\/p>\n<p>Desde luego, es clave, y se considerar\u00e1 por los tribunales como una prueba importante que se ha reclamado con claridad, contundencia y reiteraci\u00f3n a los <em>ayuntamientos,<\/em> como fue en este caso, el cese de estas graves molestias y los perjuicios que les ocasionan cada vez que se ven\u00edan celebrando.<\/p>\n<h3>Hay que <strong>llamar a la <em>Polic\u00eda<\/em> Municipal para <em>denunciar los ruidos<\/em><\/strong><\/h3>\n<p class=\"dropCap\">Hay que presentar <em>denuncias,<\/em> hay que llamar a la Polic\u00eda Municipal para que haga mediciones, hay que llamar al Seprona, si fuera el caso, y hay que hacerlo los v\u00eddeos y grabaciones con aplicaciones eficaces para sostener las peticiones en nuestra demanda.<\/p>\n<h3>Los afectados por el ruido deben unirse<\/h3>\n<p class=\"dropCap\">Por supuesto recabar la uni\u00f3n y la coordinaci\u00f3n de los vecinos afectados para actuar sindicados en las reclamaciones leg\u00edtimas de sus derechos ante sus propios ayuntamientos, sabiendo que tienen toda la raz\u00f3n y que pueden exigir que se cumpla la legalidad vigente.<\/p>\n<h3>Est\u00e1 demostrado que el ruido es un grave peligro para la salud<\/h3>\n<p class=\"dropCap\">No es necesario que se hayan producido da\u00f1os s\u00edquicos ni f\u00edsicos a los afectados, basta con que sea evidente que con esos niveles de ruidos o inmisiones ac\u00fasticas se produzca una alteraci\u00f3n de su vida cotidiana de forma continuada ( no espor\u00e1dica ), y que se pone en riesgo su salud, as\u00ed como que se deduzcan que la situaci\u00f3n es insoportable, no tolerable para la persona com\u00fan.<\/p>\n<div class=\"ladillo boxShadow\"><q>No hace falta demostrar los da\u00f1os s\u00edquicos ni f\u00edsicos<\/q><\/div>\n<p>Quiero insistir en que una vez probado la existencia del ruido ilegal en cuanto que queda acreditada la infracci\u00f3n de los niveles normativos, se deduce autom\u00e1ticamente que produce molestia grave, da\u00f1os y perjuicios coma a las personas.<\/p>\n<p>En definitiva, como dice uno de los principios del derecho: lo que es evidente no necesita demostraci\u00f3n. No necesitamos probar que el fuego quema y que el agua moja.<\/p>\n<p class=\"dropCap\">\u211bicardo Ayala &#8211; StopRuido\u00a0\ud83d\udd07<\/p>\n<hr \/>\n<h4>Consulte su caso conmigo<\/h4>\n<p class=\"dropCap\">No se quede con dudas, si usted sufre <strong><em>molestias<\/em> por ruidos por conciertos y festejos <\/strong>, h\u00e1game su consulta.<\/p>\n<p><a href=\"..\/consultar-gratis-abogado-problemas-ruidos.php\" title=\"Consulte su Problema de Ruidos con el Abogado Especialista\">\u2709 Puedo ayudarle a acabar con su <strong><em>problema de ruidos<\/em><\/strong>. Cu\u00e9nteme su caso brevemente, para poder darle una cita personal &rarr;<\/a><\/p>1\n<hr \/>\n<p>Tambi\u00e9n puede contactarnos por tel\u00e9fono:<\/p>\n<p class=\"tlfBig\">915 91 40 43<\/p>\n<hr \/>\n<h4>NOTICIA Relacionada<\/h4>\n<h3>Jurista experta lamenta el olvido de contaminaci\u00f3n ac\u00fastica pese a ser problema de salud<\/h3>\n<p class=\"dropCap\">Al hablar de contaminaci\u00f3n, uno se refiere \u201cal pl\u00e1stico o el aire\u201d, pero se olvida \u201cdel ruido\u201d, porque no se ve, y sin embargo constituye un \u201cgrave problema de salud p\u00fablica\u201d.<\/p>\n<p><a title=\"Jurista experta lamenta el olvido de contaminaci\u00f3n ac\u00fastica pese a ser problema de salud\" href=\"https:\/\/www.infobae.com\/espana\/agencias\/2024\/10\/18\/jurista-experta-lamenta-el-olvido-de-contaminacion-acustica-pese-a-ser-problema-de-salud\/\" target=\"_blank\" rel=\"noopener noreferrer\"><strong>El <em>ruido<\/em> tambi\u00e9n es contaminaci\u00f3n<\/strong> y es un grave problema de salud \u2197<\/a><\/p>\n<hr \/>\n","protected":false},"excerpt":{"rendered":"<p>La Plaza Mayor de Puerto L\u00e1pice, acoge eventos ruidosos durante todo el a\u00f1o Los dos casos de contaminaci\u00f3n ac\u00fastica de Puerto Lapice Y, efectivamente, digo los dos casos. \u00bfCuales fueron estos dos procesos de ruido? Pues bien, el denominador com\u00fan de ambos es una familia, pr\u00e1cticamente la \u00faltima que quedaba en la plaza, bell\u00edsima y &hellip; <a href=\"http:\/\/www.abogadosruidos.com\/blog\/ruidos-plaza-mayor-puerto-lapice-facr2\" class=\"more-link\">Continuar leyendo<span class=\"screen-reader-text\"> \u00abRuidos en la Plaza Mayor por Fiestas y Conciertos: Conferencia, Parte II\u00bb<\/span><\/a><\/p>\n","protected":false},"author":1,"featured_media":0,"comment_status":"closed","ping_status":"open","sticky":false,"template":"","format":"standard","meta":{"om_disable_all_campaigns":false,"_exactmetrics_skip_tracking":false,"_exactmetrics_sitenote_active":false,"_exactmetrics_sitenote_note":"","_exactmetrics_sitenote_category":0,"_mi_skip_tracking":false,"_monsterinsights_sitenote_active":false,"_monsterinsights_sitenote_note":"","_monsterinsights_sitenote_category":0},"categories":[4],"tags":[],"aioseo_notices":[],"_links":{"self":[{"href":"http:\/\/www.abogadosruidos.com\/blog\/wp-json\/wp\/v2\/posts\/1947"}],"collection":[{"href":"http:\/\/www.abogadosruidos.com\/blog\/wp-json\/wp\/v2\/posts"}],"about":[{"href":"http:\/\/www.abogadosruidos.com\/blog\/wp-json\/wp\/v2\/types\/post"}],"author":[{"embeddable":true,"href":"http:\/\/www.abogadosruidos.com\/blog\/wp-json\/wp\/v2\/users\/1"}],"replies":[{"embeddable":true,"href":"http:\/\/www.abogadosruidos.com\/blog\/wp-json\/wp\/v2\/comments?post=1947"}],"version-history":[{"count":5,"href":"http:\/\/www.abogadosruidos.com\/blog\/wp-json\/wp\/v2\/posts\/1947\/revisions"}],"predecessor-version":[{"id":1952,"href":"http:\/\/www.abogadosruidos.com\/blog\/wp-json\/wp\/v2\/posts\/1947\/revisions\/1952"}],"wp:attachment":[{"href":"http:\/\/www.abogadosruidos.com\/blog\/wp-json\/wp\/v2\/media?parent=1947"}],"wp:term":[{"taxonomy":"category","embeddable":true,"href":"http:\/\/www.abogadosruidos.com\/blog\/wp-json\/wp\/v2\/categories?post=1947"},{"taxonomy":"post_tag","embeddable":true,"href":"http:\/\/www.abogadosruidos.com\/blog\/wp-json\/wp\/v2\/tags?post=1947"}],"curies":[{"name":"wp","href":"https:\/\/api.w.org\/{rel}","templated":true}]}}