{"id":1923,"date":"2024-10-22T14:05:10","date_gmt":"2024-10-22T12:05:10","guid":{"rendered":"http:\/\/www.abogadosruidos.com\/blog\/?p=1923"},"modified":"2024-11-11T23:11:57","modified_gmt":"2024-11-11T22:11:57","slug":"ruidos-plaza-mayor-fiestas-conciertos-facr1","status":"publish","type":"post","link":"http:\/\/www.abogadosruidos.com\/blog\/ruidos-plaza-mayor-fiestas-conciertos-facr1","title":{"rendered":"Ruido en la Plaza Mayor por Fiestas y Conciertos: Conferencia, Parte I"},"content":{"rendered":"<h2><strong>Da\u00f1os por <em>ruido<\/em> en la celebraci\u00f3n en la <em>Plaza Mayor de fiestas<\/em> patronales y conciertos<\/strong><\/h2>\n<h3>Conferencia de Ricardo Ayala, <em>especialista<\/em> en c\u00f3mo defenderse del <em>ruido<\/em><\/h3>\n<p class=\"dropCap\">En esta conferencia Ricardo Ayala, como <strong><em>abogado<\/em> experto en contaminaci\u00f3n ac\u00fastica<\/strong> y miembro de <strong>Juristas Contra el Ruido<\/strong>, habla sobre el grave <strong>problema del <em>ruido<\/em> en el centro de nuestras ciudades y pueblos<\/strong>.<\/p>\n<p>Concretamente sobre los da\u00f1os que se producen por <strong>ruidos en la <em>Plaza Mayor<\/em><\/strong> del\u00a0 casco hist\u00f3rico por <strong>conciertos, <em>fiestas patronales<\/em><\/strong> y eventos tradicionales.<\/p>\n<h4>Ruidos en Puerto L\u00e1pice y Oca\u00f1a<\/h4>\n<p>Y lo hace comentando dos casos en los que ha conseguido una <strong>soluci\u00f3n para los afectados por el ruido de la celebraci\u00f3n de fiestas<\/strong> y eventos en la <strong><em>Plaza Mayor<\/em> de Puerto L\u00e1pice y Oca\u00f1a<\/strong>.<\/p>\n<h3><strong>\u00bfQu\u00e9 hacer contra el <em>ruido de fiestas patronales y conciertos en la Plaza Mayor<\/em>?<\/strong><\/h3>\n<p>Aconseja adem\u00e1s <strong>que deben hacer los afectados y asociaciones de vecinos para defenderse del <em>ruido<\/em><\/strong>.<\/p>\n<h3>Primer Congreso de la Federaci\u00f3n de Asociaciones Contra el Ruido<\/h3>\n<p class=\"dropCap\">Es una conferencia que di\u00f3 en el Primer Congreso de la Federaci\u00f3n de Asociaciones Contra el Ruido, F.A.C.R. el 19 octubre de 2024 en el Ateneo de <em>Madrid<\/em>. El t\u00edtulo de este congreso es:<\/p>\n<blockquote cite=\"https:\/\/www.madrid24horas.com\/articulo\/madrid\/madrid-ateneo-madrid-acogera-congreso-impacto-ruido-actividades-ocio\/20241018123505085295.html\"><p>Efectos de las actividades de ocio en zonas residenciales, centros urbanos y cascos hist\u00f3ricos<\/p><\/blockquote>\n<p>Este evento cuenta con el apoyo de la <strong>Campa\u00f1a Contra el Ruido (CCR), Juristas Contra el Ruido (JCR) y de la Plataforma Por el Derecho a la Ciudad, Madrid<\/strong>, organizaciones comprometidas con la mejora del entorno urbano y la protecci\u00f3n del bienestar de los residentes.<\/p>\n<p>Ofrecemos aqu\u00ed el texto de la primera parte de la conferencia de Ricardo Ayala en este congreso.<\/p>\n<h4>ESCUCHAR CONFERENCIA<\/h4>\n<p class=\"dropCap\">Si lo prefiere tambi\u00e9n puede escuchar el audio.<\/p>\n<p><a href=\"#conferencia\">ESCUCHE Ahora la conferencia en la que adem\u00e1s se dan algunos consejos de que hacer ante el problema del ruido por fiestas patronales en la Plaza Mayor y el centro de pueblos y ciudades \u2193<\/a><\/p>\n<hr \/>\n<h2>Defender Nuestras Plazas Mayores del Ruido de Fiestas y Conciertos<\/h2>\n<p><!--more Escuchar la Conferencia sobre Defender Nuestras Plazas Mayores del Ruido--><\/p>\n<p class=\"dropCap\">Nos tenemos que preguntar qu\u00e9 queremos que sean nuestras Plazas Mayores, El coraz\u00f3n de la ciudad; el coraz\u00f3n de nuestros pueblos. Y, ello nos lleva a reflexionar sobre qu\u00e9 c\u00e1lida de vida queremos tener, sobre c\u00f3mo queremos vivir.<\/p>\n<h3>Ruido insoportable en nuestras Plazas Mayores: Origen del problema<\/h3>\n<p class=\"dropCap\">Pero empecemos pregunt\u00e1ndonos c\u00f3mo hemos llegado hasta aqu\u00ed, cu\u00e1ndo nuestras plazas empezaron a ser un problema para sus propios ciudadanos, cu\u00e1ndo nuestras autoridades empezaron a ser un problema para sus vecinos; algunos de sus vecinos, aquellos que por tradici\u00f3n o historia familiar o personal decidieron mantener sus casas en las plazas, lo cual era un privilegio y ahora, en algunos casos cada vez m\u00e1s frecuentes, se ha transformado en una pesadilla.<\/p>\n<h3>las Plazas y la celebraci\u00f3n de Fiestas Patronales y Tradicionales<\/h3>\n<p class=\"dropCap\">Por supuesto que siempre las plazas han sido el mejor lugar para las celebraciones de fiestas patronales y tradicionales pero aquellas fiestas de no hace tanto eran sobre todo populares con unos medios musicales manuales, y en todo caso limitada su potencia. Pero \u00faltimamente, en muchos casos, la tecnolog\u00eda ha hecho que se desborde el ruido, la m\u00fasica y las aglomeraciones de los eventos que se organizan.<\/p>\n<p>Y, ya no es solo que se hagan en las fiestas del pueblo o patronales sino que en el modelo de sociedad que tenemos el ocio festivo se ha desbordado; se ha convertido en una forma de pol\u00edtica social populista.<\/p>\n<h3>Cultura de la diversi\u00f3n por ruido<\/h3>\n<p class=\"dropCap\">Nos encontramos en una competici\u00f3n ol\u00edmpica, de alcaldes y concejales de Cultura y Festejos (entre comillas lo de Cultura), a ver qui\u00e9n es el que tiene m\u00e1s \u00e9xito y acumula m\u00e1s muchedumbre. y con ello tiene que hacer m\u00e1s ruido, m\u00e1s potente, m\u00e1s ca\u00f1a, m\u00e1s m\u00fasica a lo bestia, ensordecedora, e imposible de soportar, horas y horas, incluso para los que pretenden disfrutar de ella no digamos para aquellos que no pueden trasladar su casa a otro lugar para evitarlo.<\/p>\n<p>Paradigm\u00e1tico es el sonoro caso de la Navidad de Vigo que empieza dos meses antes y cada vez cada a\u00f1o se propone ser m\u00e1s grande y m\u00e1s multitudinaria.<\/p>\n<p>Y, ah\u00ed tenemos el Ayuntamiento de Toledo que se propone abiertamente competir con Vigo, y anuncia a bombo y platillo que ser\u00e1 a\u00fan mayor su espect\u00e1culo una vida de luces y sonido en su Plaza Mayor.<\/p>\n<p>As\u00ed lo pensaron tambi\u00e9n alcaldes de municipios m\u00e1s peque\u00f1os como Puerto L\u00e1pice y Oca\u00f1a en La Mancha, y de los que luego comentaremos.<\/p>\n<div class=\"ladillo boxShadow\"><q>Las Plazas Mayores no son macro-discotecas<\/q><\/div>\n<p>\u00bfDe verdad queremos que nuestras plazas mayores sean macro discotecas, macro salas de fiestas durante todo el verano para conciertos, durante meses de a Navidad, durante semanas de Carnavales, durante fiestas patronales cada vez m\u00e1s extensas&#8230;. que sean un im\u00e1n para los pueblos de alrededor o un referente con el que competir?<\/p>\n<h3>Fiestas ruidosas, conciertos estruendosos y da\u00f1o a nuestro Patrimonio Cultural<\/h3>\n<p class=\"dropCap\">No se trata de defender a unos pocos, y cada vez menos, vecinos que pretenden defender su derecho a vivir como siempre en sus plazas y calles aleda\u00f1as, sino de defender al pueblo entero, incluso de s\u00ed mismo, porque las fiestas macro en el tiempo, y en sus dimensiones de potencia musical en los conciertos, hacen que nuestro patrimonio arquitect\u00f3nico hist\u00f3rico y cultural, inevitablemente, se vea da\u00f1ado por las masas en su vor\u00e1gine festiva.<\/p>\n<div class=\"ladillo boxShadow\"><q>El ruido descomunal de estas celebraciones es sucio <\/q><\/div>\n<p>Qu\u00e9 duda cabe que los eventos y conciertos que se organizan en las plazas no solo generan contaminaci\u00f3n ac\u00fastica, generan tambi\u00e9n contaminaci\u00f3n ambiental en todos los sentidos, generan enorme cantidad de suciedad, y perjudican el mantenimiento de aquellos edificios que se construyeron hace siglos y no soporten estas agresiones.<\/p>\n<p>Plazas que son aut\u00e9nticos monumentos, que son \u00fanicos en el mundo y que han resistido el embate del tiempo, y de las circunstancias hist\u00f3ricas de conflictos b\u00e9licos y sociales<\/p>\n<p>Las plazas son cultura siempre han sido el epicentro de la cultura popular y social, y no queremos que dejen de serlo. Las plazas admiten, como siempre, much\u00edsimos eventos y celebraciones, pero dentro de lo que estuvieron dise\u00f1adas para ser.<\/p>\n<p>Nunca se pudo pensar que la Plaza Mayor de Salamanca, la Plaza Mayor de Toledo Zocodover, la de Madrid, y otras tantas estuvieran repletas de gente a m\u00e1s no caber, saltando y bailando a todo lo que da el cuerpo innumerables noches de fiestas en conciertos a volumen brutal.<\/p>\n<p>El ruido, y m\u00e1s este ruido descomunal es sucio. El ruido ensucian la calidad de vida, y por supuesto nuestras ciudades, y los edificios y hogares que lo padecen.<\/p>\n<p>Y como el ruido es sucio tambi\u00e9n huele mal. Todos sabemos c\u00f3mo acaban estas macro fiestas de megabotellones y conciertos; que sin instalaciones para el aseo de los asistentes, a mayor gloria de bares y m\u00e1s bares, anegan las plazas.<\/p>\n<h3>\u00bf De verdad es esto lo que queremos para nuestro patrimonio urbano?<\/h3>\n<p class=\"dropCap\">Pero que no cunda el p\u00e1nico, ni el desaliento, podemos y debemos encauzar esta epidemia, podemos a trav\u00e9s de los movimientos ciudadanos y vecinales, y de aquellos ciudadanos aislados valientes y decididos que plantan cara a todo un Ayuntamiento, a unas poderosas autoridades, y a una muchedumbre enardecida pero ignorante de lo que est\u00e1 causando a sus vecinos.<\/p>\n<hr \/>\n<h4>Y \u00bfc\u00f3mo hacerlo ?<\/h4>\n<p class=\"dropCap\">\u2713 Con el Derecho en la mano.<\/p>\n<p>No olvidemos que como todo jurista sabe desde sus tiernos estudios las fuentes del Derecho son la Ley, la Jurisprudencia y la COSTUMBRE.<\/p>\n<h3>Defender la costumbre y las tradiciones en materia de <em>fiestas<\/em><\/h3>\n<p>Pues bien, defendamos en primer lugar la costumbre de c\u00f3mo se han hecho tradicionalmente las fiestas, y como se han usado estos espacios p\u00fablicos, plazas y calles, por supuesto adapt\u00e1ndose siempre a los tiempos actuales para que no se pervierta su naturaleza.<\/p>\n<p class=\"dropCap\">\u2713 La COSTUMBRE tambi\u00e9n son las tradiciones y su m\u00e1ximo exponente son las fiestas patronales, los conciertos de bandas de m\u00fasica, los bailes, los teatros populares, las procesiones, los festejos, los pregones, las cabalgatas, las actividades culturales de lo m\u00e1s variadas\u2026<\/p>\n<p class=\"dropCap\">\u2713 Y, por supuesto, tenemos LA LEY que bien nos han explicado nuestros compa\u00f1eros juristas que me han precedido, Tenemos la ley que son las normas que nos hemos dado, la organizaci\u00f3n social, son los derechos de las personas de los ciudadanos, y en muchos casos de derechos fundamentales, es decir de Especial Protecci\u00f3n para cualquiera ciudadano.<\/p>\n<p class=\"dropCap\">\u2713 Y, tenemos aplicando la ley y la costumbre, LA JURISPRUDENCIA que adaptan a los tiempos la aplicaci\u00f3n del derecho, las leyes y las costumbres.<\/p>\n<p class=\"dropCap\">\u211bicardo Ayala &#8211; Stop Ruid\u2300 \ud83d\udd07<\/p>\n<hr \/>\n<h4 id=\"conferencia\">ESCUCHAR CONFERENCIA<\/h4>\n<p class=\"dropCap\">Es una conferencia celebrada el 19 de octubre de 2024, en el Ateneo de Madrid.<\/p>\n<p>Duraci\u00f3n: 33 minuto (al principio hay un silencio hasta que se prueban los equipos de sonido; la conferencia empieza en el minuto 1).<\/p>\n<!--[if lt IE 9]><script>document.createElement('audio');<\/script><![endif]-->\n<audio class=\"wp-audio-shortcode\" id=\"audio-1923-1\" preload=\"auto\" style=\"width: 100%;\" controls=\"controls\"><source type=\"audio\/ogg\" src=\"http:\/\/www.abogadosruidos.com\/blog\/wp-content\/uploads\/2024\/10\/ruidos-plaza-mayor-facr1-grx-ric-completa-10-2024.oggvorbis.ogg?_=1\" \/><a href=\"http:\/\/www.abogadosruidos.com\/blog\/wp-content\/uploads\/2024\/10\/ruidos-plaza-mayor-facr1-grx-ric-completa-10-2024.oggvorbis.ogg\">http:\/\/www.abogadosruidos.com\/blog\/wp-content\/uploads\/2024\/10\/ruidos-plaza-mayor-facr1-grx-ric-completa-10-2024.oggvorbis.ogg<\/a><\/audio>\n<hr \/>\n<h4>Consulte su caso conmigo<\/h4>\n<p class=\"dropCap\">No se quede con dudas, si usted sufre <strong><em>molestias<\/em> por ruidos por conciertos y festejos <\/strong>, h\u00e1game su consulta.<\/p>\n<p><a href=\"..\/consultar-gratis-abogado-problemas-ruidos.php\" title=\"Consulte su Problema de Ruidos con el Abogado Especialista\">\u2709 Puedo ayudarle a acabar con su <strong><em>problema de ruidos<\/em><\/strong>. Cu\u00e9nteme su caso brevemente, para poder darle una cita personal &rarr;<\/a><\/p>1\n<hr \/>\n<p>Tambi\u00e9n puede contactarnos por tel\u00e9fono:<\/p>\n<p class=\"tlfBig\">915 91 40 43<\/p>\n<hr \/>\n<p>A<\/p>\n<h4>Caso de Puerto L\u00e1pice<\/h4>\n<h3>Ruidos en la Plaza Mayor por Fiestas y Conciertos: Conferencia, Parte II<\/h3>\n<p class=\"dropCap\">Aqu\u00ed puede leer la segunda parte de la conferencia que tuvo lugar en el Ateneo de Madrid.<\/p>\n<p><a title=\"Conciertos Ruidosos y Fiestas en la Plaza Mayor \u00bfQu\u00e9 Hacer?\" \nhref=\"http:\/\/www.abogadosruidos.com\/blog\/ruidos-plaza-mayor-puerto-lapice-facr2.php\" title=\"Conciertos Ruidosos y Fiestas en la Plaza Mayor \u00bfQu\u00e9 Hacer\">Conciertos Ruidosos y Fiestas en la Plaza Mayor de Puerto L\u00e1pice &rarr;<\/a> \u2197<\/a><\/p>\n<hr \/>\n","protected":false},"excerpt":{"rendered":"<p>Da\u00f1os por ruido en la celebraci\u00f3n en la Plaza Mayor de fiestas patronales y conciertos Conferencia de Ricardo Ayala, especialista en c\u00f3mo defenderse del ruido En esta conferencia Ricardo Ayala, como abogado experto en contaminaci\u00f3n ac\u00fastica y miembro de Juristas Contra el Ruido, habla sobre el grave problema del ruido en el centro de nuestras &hellip; <a href=\"http:\/\/www.abogadosruidos.com\/blog\/ruidos-plaza-mayor-fiestas-conciertos-facr1\" class=\"more-link\">Continuar leyendo<span class=\"screen-reader-text\"> \u00abRuido en la Plaza Mayor por Fiestas y Conciertos: Conferencia, Parte I\u00bb<\/span><\/a><\/p>\n","protected":false},"author":1,"featured_media":1940,"comment_status":"closed","ping_status":"open","sticky":false,"template":"","format":"standard","meta":{"om_disable_all_campaigns":false,"_exactmetrics_skip_tracking":false,"_exactmetrics_sitenote_active":false,"_exactmetrics_sitenote_note":"","_exactmetrics_sitenote_category":0,"_mi_skip_tracking":false,"_monsterinsights_sitenote_active":false,"_monsterinsights_sitenote_note":"","_monsterinsights_sitenote_category":0},"categories":[19],"tags":[],"aioseo_notices":[],"_links":{"self":[{"href":"http:\/\/www.abogadosruidos.com\/blog\/wp-json\/wp\/v2\/posts\/1923"}],"collection":[{"href":"http:\/\/www.abogadosruidos.com\/blog\/wp-json\/wp\/v2\/posts"}],"about":[{"href":"http:\/\/www.abogadosruidos.com\/blog\/wp-json\/wp\/v2\/types\/post"}],"author":[{"embeddable":true,"href":"http:\/\/www.abogadosruidos.com\/blog\/wp-json\/wp\/v2\/users\/1"}],"replies":[{"embeddable":true,"href":"http:\/\/www.abogadosruidos.com\/blog\/wp-json\/wp\/v2\/comments?post=1923"}],"version-history":[{"count":22,"href":"http:\/\/www.abogadosruidos.com\/blog\/wp-json\/wp\/v2\/posts\/1923\/revisions"}],"predecessor-version":[{"id":1954,"href":"http:\/\/www.abogadosruidos.com\/blog\/wp-json\/wp\/v2\/posts\/1923\/revisions\/1954"}],"wp:featuredmedia":[{"embeddable":true,"href":"http:\/\/www.abogadosruidos.com\/blog\/wp-json\/wp\/v2\/media\/1940"}],"wp:attachment":[{"href":"http:\/\/www.abogadosruidos.com\/blog\/wp-json\/wp\/v2\/media?parent=1923"}],"wp:term":[{"taxonomy":"category","embeddable":true,"href":"http:\/\/www.abogadosruidos.com\/blog\/wp-json\/wp\/v2\/categories?post=1923"},{"taxonomy":"post_tag","embeddable":true,"href":"http:\/\/www.abogadosruidos.com\/blog\/wp-json\/wp\/v2\/tags?post=1923"}],"curies":[{"name":"wp","href":"https:\/\/api.w.org\/{rel}","templated":true}]}}