{"id":1855,"date":"2024-04-26T15:01:04","date_gmt":"2024-04-26T13:01:04","guid":{"rendered":"http:\/\/www.abogadosruidos.com\/blog\/?p=1855"},"modified":"2024-05-09T11:37:44","modified_gmt":"2024-05-09T09:37:44","slug":"dia-mundial-ruido-abogado-especialista-2024","status":"publish","type":"post","link":"http:\/\/www.abogadosruidos.com\/blog\/dia-mundial-ruido-abogado-especialista-2024","title":{"rendered":"D\u00eda Mundial de Concienciaci\u00f3n sobre el Ruido &#8211; Entrevista al Abogado Especialista Ricardo Ayala"},"content":{"rendered":"<h2><strong>D\u00eda Mundial Contra el <em>Ruido<\/em><\/strong>, 2024<\/h2>\n<h3>Entrevista al <strong><em>abogado experto en ruidos<\/em><\/strong> Ricardo Ayala para un reportaje de TV1<\/h3>\n<p class=\"dropCap\">Con motivo de del <strong>D\u00eda Mundial Contra el <em>Ruido<\/em><\/strong>, celebrado el 24 de abril de 2024, Ricardo Ayala es entrevistado para la primera cadena de Televisi\u00f3n Espa\u00f1ola, TV1.<\/p>\n<h4>Ver entrevista para la televisi\u00f3n TV1<\/h4>\n<p><!--more Ver la entrevista sobre D\u00eda Mundial Contra el Ruido--><\/p>\n<p class=\"dropCap\">En este reportaje habla como <strong>abogado experto en <em>contaminaci\u00f3n ac\u00fastica<\/em><\/strong> habla sobre el <strong>impacto tan perjudicial del <em>ruido<\/em><\/strong> desde un punto de vista humano y social.<\/p>\n<p>En primer lugar intenta trasmitir el estado de desesperaci\u00f3n y desamparo en el que llegan sus clientes que <strong>sufren <em>problemas de ruido<\/em><\/strong>. No solo les afecta a su <em>salud<\/em> sino tambi\u00e9n a su trabajo e incluso a su vida social, familiar y afectiva. Es realmente un problema grave que deteriora enormemente su calidad de vida.<\/p>\n<p>Finalmente insiste en la importancia de tomar conciencia del <strong>da\u00f1o que produce en nuestra sociedad la <em>contaminaci\u00f3n ac\u00fastica<\/em><\/strong>. Debemos siempre hacernos <strong>responsables del <em>ruido<\/em> que hacemos<\/strong> y pensar en el tremendo mal que podemos evitar tan solo con cambiar nuestra actitud.<\/p>\n<hr \/>\n<h4>Parte del reportaje para TV1<\/h4>\n<div style=\"width: 840px;\" class=\"wp-video\"><!--[if lt IE 9]><script>document.createElement('video');<\/script><![endif]-->\n<video class=\"wp-video-shortcode\" id=\"video-1855-1\" width=\"840\" height=\"378\" preload=\"metadata\" controls=\"controls\"><source type=\"video\/webm\" src=\"http:\/\/www.abogadosruidos.com\/blog\/wp-content\/uploads\/2024\/04\/dia-mundial-contra-abogado-ruido-ricardo-ayala-tv1-2024.webm?_=1\" \/><a href=\"http:\/\/www.abogadosruidos.com\/blog\/wp-content\/uploads\/2024\/04\/dia-mundial-contra-abogado-ruido-ricardo-ayala-tv1-2024.webm\">http:\/\/www.abogadosruidos.com\/blog\/wp-content\/uploads\/2024\/04\/dia-mundial-contra-abogado-ruido-ricardo-ayala-tv1-2024.webm<\/a><\/video><\/div>\n<p>Transcripci\u00f3n<\/p>\n<p>R. Ayala: La gente, el ciudadano, viene angustiado con un problema grave que ha alterado su calidad de vida y que le causa problemas a su relaciones familiares.<\/p>\n<p>Voz en off: Los expertos recuerdan que la concienciaci\u00f3n ciudadana es fundamental para vencer a este enemigo invisible.<\/p>\n<p>R. Ayala: Hay que ser conscientes de que eso puede estar molestando a otros, hay que moderarse, hay que educarse y hay que tener conciencia.<\/p>\n<p>Voz en off: Y es que llevar conductas m\u00e1s c\u00edvicas insisten puede salvar vidas<\/p>\n<hr \/>\n<p>\u211bicardo Ayala \u2013 StopRuido \ud83d\udd07<\/p>\n<h4>Consulte su caso conmigo<\/h4>\n<p class=\"\u00bbdropCap\u00bb\">No se quede con dudas, si usted sufre <strong><em>molestias<\/em> por ruidos<\/strong>, h\u00e1game su consulta y le dar\u00e9 cita para una valoraci\u00f3n de su caso sin compromiso.<\/p>\n<p><a href=\"..\/consultar-gratis-abogado-problemas-ruidos.php\" title=\"Consulte su Problema de Ruidos con el Abogado Especialista\">\u2709 Puedo ayudarle a acabar con su <strong><em>problema de ruidos<\/em><\/strong>. Cu\u00e9nteme su caso brevemente, para poder darle una cita personal &rarr;<\/a><\/p>1\n<p>Tambi\u00e9n puede contactarnos por tel\u00e9fono:<\/p>\n<p class=\"\u00bbtlfBig\u00bb\">915 91 40 43<\/p>\n<hr \/>\n<h2>El Ministerio para la transici\u00f3n ecol\u00f3gica y la Celebraci\u00f3n del <strong>D\u00eda Mundial de Concienciaci\u00f3n sobre el <em>Ruido<\/em><\/strong><\/h2>\n<blockquote cite=\"https:\/\/www.miteco.gob.es\/es\/calidad-y-evaluacion-ambiental\/temas\/atmosfera-y-calidad-del-aire\/contaminacion-acustica.html\">\n<h3><strong>D\u00cdA INTERNACIONAL DE CONCIENCIACI\u00d3N <em>CONTRA EL RUIDO<\/em><\/strong><\/h3>\n<p>24 de abril de 2024<\/p>\n<p>El Ministerio quiere poner de relieve la <strong>importancia del <em>ruido<\/em> ambiental como <em>contaminante<\/em><\/strong> y causa de importantes problemas sobre la salud y bienestar de las personas y sobre el medio ambiente.<\/p>\n<p><strong>El <em>ruido<\/em><\/strong> es un factor de estr\u00e9s ambiental que puede tener importantes <strong>efectos en la salud y empeorar<\/strong> sustancialmente nuestra calidad de vida. Incrementa el riesgo de desarrollar enfermedades como arteriosclerosis, diabetes, enfermedades del coraz\u00f3n y del sistema circulatorio, o enfermedades respiratorias.<\/p>\n<p>Los <strong>efectos del <em>ruido ambiental<\/em><\/strong> sobre las especies silvestres, tanto terrestres como marinas, son tambi\u00e9n importantes y producen en muchos casos alteraciones en sus comportamientos, <strong>reduciendo la calidad de los h\u00e1bitats naturales<\/strong> que habitan.<\/p><\/blockquote>\n<hr \/>\n","protected":false},"excerpt":{"rendered":"<p>D\u00eda Mundial Contra el Ruido, 2024 Entrevista al abogado experto en ruidos Ricardo Ayala para un reportaje de TV1 Con motivo de del D\u00eda Mundial Contra el Ruido, celebrado el 24 de abril de 2024, Ricardo Ayala es entrevistado para la primera cadena de Televisi\u00f3n Espa\u00f1ola, TV1. Ver entrevista para la televisi\u00f3n TV1<\/p>\n","protected":false},"author":1,"featured_media":1871,"comment_status":"closed","ping_status":"open","sticky":false,"template":"","format":"standard","meta":{"om_disable_all_campaigns":false,"_exactmetrics_skip_tracking":false,"_exactmetrics_sitenote_active":false,"_exactmetrics_sitenote_note":"","_exactmetrics_sitenote_category":0,"_mi_skip_tracking":false,"_monsterinsights_sitenote_active":false,"_monsterinsights_sitenote_note":"","_monsterinsights_sitenote_category":0},"categories":[19],"tags":[14],"aioseo_notices":[],"_links":{"self":[{"href":"http:\/\/www.abogadosruidos.com\/blog\/wp-json\/wp\/v2\/posts\/1855"}],"collection":[{"href":"http:\/\/www.abogadosruidos.com\/blog\/wp-json\/wp\/v2\/posts"}],"about":[{"href":"http:\/\/www.abogadosruidos.com\/blog\/wp-json\/wp\/v2\/types\/post"}],"author":[{"embeddable":true,"href":"http:\/\/www.abogadosruidos.com\/blog\/wp-json\/wp\/v2\/users\/1"}],"replies":[{"embeddable":true,"href":"http:\/\/www.abogadosruidos.com\/blog\/wp-json\/wp\/v2\/comments?post=1855"}],"version-history":[{"count":14,"href":"http:\/\/www.abogadosruidos.com\/blog\/wp-json\/wp\/v2\/posts\/1855\/revisions"}],"predecessor-version":[{"id":1873,"href":"http:\/\/www.abogadosruidos.com\/blog\/wp-json\/wp\/v2\/posts\/1855\/revisions\/1873"}],"wp:featuredmedia":[{"embeddable":true,"href":"http:\/\/www.abogadosruidos.com\/blog\/wp-json\/wp\/v2\/media\/1871"}],"wp:attachment":[{"href":"http:\/\/www.abogadosruidos.com\/blog\/wp-json\/wp\/v2\/media?parent=1855"}],"wp:term":[{"taxonomy":"category","embeddable":true,"href":"http:\/\/www.abogadosruidos.com\/blog\/wp-json\/wp\/v2\/categories?post=1855"},{"taxonomy":"post_tag","embeddable":true,"href":"http:\/\/www.abogadosruidos.com\/blog\/wp-json\/wp\/v2\/tags?post=1855"}],"curies":[{"name":"wp","href":"https:\/\/api.w.org\/{rel}","templated":true}]}}