{"id":1786,"date":"2024-03-27T14:10:41","date_gmt":"2024-03-27T13:10:41","guid":{"rendered":"http:\/\/www.abogadosruidos.com\/blog\/?p=1786"},"modified":"2024-04-09T11:29:26","modified_gmt":"2024-04-09T09:29:26","slug":"bar-cocina-sin-salida-de-humos-olores","status":"publish","type":"post","link":"http:\/\/www.abogadosruidos.com\/blog\/bar-cocina-sin-salida-de-humos-olores","title":{"rendered":"Bar con Cocina Sin Salida de Humos y Olores: Solucionado"},"content":{"rendered":"<h2><strong><em>Molestias por Humos y Olores<\/em> de un <em>Bar<\/em> Ruidoso <em>Sin Salida de Humos<\/em><\/strong>; Caso Solucionado<\/h2>\n<h5>EL PROBLEMA<\/h5>\n<h3><strong><em>Bar<\/em> ilegal por carecer la <em>cocina<\/em> de la reglamentaria <em>salida de humos<\/em>, tambi\u00e9n <em>denunciado por ruidos<\/em><\/strong><\/h3>\n<p class=\"dropCap\"><em><strong>Bar-cervecer\u00eda<\/strong><\/em> que est\u00e1 causando desagradables <strong>molestias por <em>humos<\/em> y malos <em>olores<\/em>, por carecer la <em>cocina<\/em> de la necesaria <em>salida de humos<\/em><\/strong>, as\u00ed como <strong>contaminaci\u00f3n ac\u00fastica por <em>ruidos y vibraciones<\/em><\/strong> que est\u00e1 afectando a todos los <em>vecinos<\/em> de la <em>Comunidad<\/em>.<\/p>\n<p>Esta es la resoluci\u00f3n de un <strong>problema de <em>humos y olores<\/em> junto con <em>ruidos<\/em><\/strong>, que planteamos en otro art\u00edculo, aunque no resulta imprescindible, si desea conocer m\u00e1s sobre este caso vaya directamente al enlace:<\/p>\n<p><a title=\"Olores y Humos: Cocina de Bar o Restaurante \u00bfQu\u00e9 hacer?\" href=\".\/denunciar-olores-cocina-bar.php\"><strong>Molestias por <em>Olores<\/em> y Ruidos: Cocinas de Bares <em>Sin Salida de Humos<\/em><\/strong> \u2192<\/a><\/p>\n<p>Veamos cuales han sido las claves que han permitido <em>solucionar<\/em> este caso<br \/>\n<!--more Leer m\u00e1s sobre este caso--><\/p>\n<h4>Puntos claves de Nuestra ACTUACI\u00d3N<\/h4>\n<p class=\"dropCap\">1. <strong><em>Demanda<\/em> presentada en nombre de toda la <em>Comunidad<\/em><\/strong> y no solo por los <em>vecinos<\/em> m\u00e1s afectados<\/p>\n<p class=\"dropCap\">2. <strong><em>Demanda<\/em> tambi\u00e9n dirigida al due\u00f1o del local<\/strong> y no solo al responsable del <em>bar-cervecer\u00eda<\/em><\/p>\n<p class=\"dropCap\">3. Los due\u00f1os siguen siendo responsables <strong>aunque el <em>bar-cervecer\u00eda<\/em> ya no est\u00e9 funcionando<\/strong><\/p>\n<p class=\"dropCap\">4. <strong>Prohibici\u00f3n de ejercer actividad de bar con cocina<\/strong> o similar, tambi\u00e9n para futuros negocios<\/p>\n<p class=\"dropCap\">5. <strong>No basta con precintar el aparato <em>ruidoso<\/em><\/strong><\/p>\n<hr \/>\n<h3>1. <strong>Demanda presentada en nombre de toda la <em>Comunidad<\/em><\/strong> y no solo por los vecinos m\u00e1s afectados<\/h3>\n<p class=\"dropCap\">Siempre recomendamos a los <strong>afectados por un problema de ruidos que a la hora de <em>denunciar<\/em> busquen el apoyo de otros vecinos<\/strong>.<\/p>\n<p>Es muy importante que Usted <strong>plantee el problema a su <em>Comunidad<\/em><\/strong> y que pida en la Junta colaboraci\u00f3n, especialmente al <em>Presidente.<\/em><\/p>\n<div class=\"ladillo boxShadow\"><q>Seguramente habr\u00e1 otros vecinos afectados, aunque sea en menor medida<\/q><\/div>\n<p>Todas las acciones que llevemos a cabo, m\u00e1s aun las judiciales, ser\u00e1n mucho <strong>m\u00e1s eficaces si cuentan con el apoyo de su <em>Comunidad<\/em><\/strong><em>.<\/em><\/p>\n<p>Las <strong><em>denuncias por ruido<\/em> cobran fuerza cuando cuentan con el apoyo de toda o parte de la <em>Comunidad<\/em><\/strong>. Comente su problema a otros vecinos, se sorprender\u00e1 de saber que <strong>los ruidos, en este caso tambi\u00e9n humos y olores<\/strong>, <span class=\"txtBold\">no solo le afectan a Usted<\/span>.<\/p>\n<h3>2. <strong>Demandar tambi\u00e9n al due\u00f1o del local<\/strong> y no solo al responsable del negocio<\/h3>\n<div class=\"ladillo boxShadow\"><q>La <strong>Demanda est\u00e1 dirigido tanto al due\u00f1o del negocio<\/strong> como al propietario que est\u00e1 alquilando el local al <em>bar-cervecer\u00eda<\/em><\/q><\/div>\n<p class=\"dropCap\">Le sugerimos al due\u00f1o del local que podr\u00eda acabar con la <strong>contaminaci\u00f3n por <em>olores y ruidos<\/em><\/strong>, bien <span class=\"txtBold\">resolviendo el contrato de arrendamiento, o bien adecuando el local<\/span> con las inversiones necesarias.<br \/>\n<strong>Al propietario que est\u00e1 alquilando el local tambi\u00e9n le afecta las acciones legal que ejercite la <em>Comunidad<\/em><\/strong>, por ser de su competencia, al ser el due\u00f1o, dar una soluci\u00f3n a las <em>molestias<\/em> y riesgos que ocasiona su Local a los dem\u00e1s propietarios y <em>vecinos<\/em>.<\/p>\n<p>El <strong>contenido del burofax tambi\u00e9n ha sido muy importante<\/strong> para el resultado final del caso, ya que estableci\u00f3 las bases de la <em>demanda<\/em> que hemos ganado para nuestros clientes.<\/p>\n<h3>3. Los due\u00f1os siguen siendo responsables <strong>aunque el <em>bar-cervecer\u00eda<\/em> ya no est\u00e9 funcionando<\/strong><\/h3>\n<p class=\"dropCap\">Aunque quiten el negocio y ya no est\u00e9 funcionando el <em>bar-cervecer\u00eda<\/em> causante de las <em>molestias,<\/em> siguen siendo los responsables de no volver a ocasionar el mismo problema a los residentes del edificio.<\/p>\n<p>Y tienen que responder de todas las <strong>molestias ya ocasionadas (en este caso por <em>humos, olores y ruidos<\/em><\/strong>) as\u00ed como pagar las <em>costas del juicio<\/em>. <\/p>\n<p>Antes, cuando este tipo de <em>bares<\/em> o negocios \u00abpirata\u00bb de comida r\u00e1pida <span class=\"txtBold\">eran <em>demandados<\/em>, desmantelaban todo y se iban impunemente con su negocio <em>contaminante<\/em> a otra parte<\/span>. Por fortuna, esto ya no ocurre.<\/p>\n<h3>4. Prohibici\u00f3n de ejercer actividad de bar con cocina o similar<\/h3>\n<p class=\"dropCap\">Esta prohibici\u00f3n es muy importante porque <span class=\"txtBold\">afecta tambi\u00e9n a los futuros negocios<\/span> que puedan ponerse en el local conflictivo.<\/p>\n<p>As\u00ed, en tanto no realicen de forma eficaz las <strong>reformas de aislamiento <em>ac\u00fastico<\/em><\/strong> y le sean dadas las licencias administrativas, no se podr\u00e1 poner <strong>ning\u00fan <em>bar<\/em>, cafeter\u00eda o restaurante <em>con cocina<\/em><\/strong>.<\/p>\n<div class=\"ladillo boxShadow\"><q>Se previenen as\u00ed futuros problemas<\/q><\/div>\n<p>De esta forma, mientras no se adec\u00fae el local, <strong>impedimos que se repita el problema con otros negocios <em>contaminantes<\/em><\/strong>.<\/p>\n<h3>5. No basta con precintar el aparato <em>ruidoso<\/em><\/h3>\n<p class=\"dropCap\">Es cierto que se dej\u00f3 de utilizar el <em>aparato de extracci\u00f3n de aire<\/em> viciado denunciado, pero \u00e9ste contin\u00faa instalado y con posibilidad de ser utilizado, tal y como se demuestra por la f\u00e1cil manera de ser puesto en marcha, al retirar unas tiras adhesivas, cuando el perito de la parte demandante acudi\u00f3 al local a realizar el informe pericial.<\/p>\n<p>Por tanto, <span class=\"txtBold\">existe un aparato instalado que en caso de ser activado (posibilidad que existe) originar\u00eda<\/span> <strong><em>ruidos molestos<\/em> para los vecinos<\/strong> por lo que conseguimos que lo retiraran para garantizar el cumplimiento de la <em>normativa<\/em>..<\/p>\n<p>Y, adem\u00e1s conseguimos que se trasladara el <em>aparato de climatizaci\u00f3n<\/em> del patio a la cubierta del edificio donde no causa <em>molestias<\/em>.<\/p>\n<p>\u211bicardo Ayala \u2013 StopRuido \ud83d\udd07<\/p>\n<h2><strong>Legislaci\u00f3n y <em>Ordenanzas<\/em> Municipales sobre emisi\u00f3n de <em>humos y olores<\/em> Bares y Restaurantes<\/strong><\/h2>\n<p>En el caso del <strong>Municipio <em>Madrid<\/em><\/strong>:<\/p>\n<div class=\"ladillo boxShadow\"><q>Sin <strong><em>salida de humos<\/em><\/strong> reglamentaria no puede haber un negocio con <em>cocina<\/em><\/q><\/div>\n<p class=\"dropCap\">Es necesaria la tramitaci\u00f3n de la licencia de primera ocupaci\u00f3n y funcionamiento, en funci\u00f3n de lo se\u00f1alado en el art. 49.1 de la <strong><em>Ordenanza<\/em> de Apertura de Actividades Econ\u00f3micas de la Ciudad de <em>Madrid<\/em><\/strong>.<\/p>\n<blockquote cite=\"https:\/\/proyectosaten.com\/guia_bares_restaurantes\/extraccion_de_humos_y_vahos\"><p>\u2026 En el caso de existir chimenea o <strong><em>salida de humos<\/em><\/strong>, igualmente hay que asegurarse de que <strong>cumple las condiciones t\u00e9cnicas de expulsi\u00f3n de <em>humos<\/em> que establece la <em>legislaci\u00f3n municipal<\/em><\/strong>, porque <span class=\"txtBold\">la preexistencia de una instalaci\u00f3n incorrectamente ejecutada o ubicada NO da derecho a utilizarla<\/span>.<\/p><\/blockquote>\n<h3><strong>\u00bfD\u00f3nde <em>denunciar<\/em> humos <em>y olores<\/em> de un bar restaurante o asador?<\/strong><\/h3>\n<p>En la <strong>web del Ayuntamiento de <em>Madrid<\/em><\/strong> podr\u00e1 encontrar m\u00e1s informaci\u00f3n y poner una <em>denuncia<\/em><\/p>\n<p><a title=\"Denuncias por contaminaci\u00f3n atmosf\u00e9rica por emisi\u00f3n de humos\" href=\"https:\/\/sede.madrid.es\/portal\/site\/tramites\/menuitem.62876cb64654a55e2dbd7003a8a409a0\/?vgnextoid=2ab5da34feaed010VgnVCM2000000c205a0aRCRD\" target=\"_blank\" rel=\"noopener noreferrer\"><strong><em>Denuncias<\/em> por contaminaci\u00f3n atmosf\u00e9rica por emisi\u00f3n de <em>humos<\/em><\/strong> \u2197<\/a><\/p>\n<hr \/>\n<h4>Consulte su caso conmigo<\/h4>\n<p class=\"dropCap\">No se quede con dudas, si usted sufre <strong><em>molestias<\/em> por olores de una cocina de un bar, cafeter\u00eda o restaurante que no tiene <em>salida de humos<\/em><\/strong>, h\u00e1game su consulta.<\/p>\n<p><a href=\"..\/consultar-gratis-abogado-problemas-ruidos.php\" title=\"Consulte su Problema de Ruidos con el Abogado Especialista\">\u2709 Puedo ayudarle a acabar con su <strong><em>problema de ruidos<\/em><\/strong>. Cu\u00e9nteme su caso brevemente, para poder darle una cita personal &rarr;<\/a><\/p>1\n<p>Tambi\u00e9n puede contactarnos por tel\u00e9fono:<\/p>\n<p class=\"tlfBig\">915 91 40 43<\/p>\n<hr \/>\n<p>NOTICIA RELACIONADA<\/p>\n<p>Una <strong><em>comunidad de propietarios<\/em> ha solicitado al <em>ayuntamiento<\/em> que revoque la licencia<\/strong> de actividad al establecimiento hostelero situado en el bajo del edificio por desarrollar su labor con una <strong><em>salida de humos<\/em> ilegal<\/strong>.<\/p>\n<p>La <em>salida de humos<\/em> se encuentra en la fachada, en la zona entre el bajo y el primer piso, y <strong>los <em>olores<\/em> se cuelan en sus casas<\/strong> por los conductos de ventilaci\u00f3n.<\/p>\n<p><a title=\"TITULO\" href=\"https:\/\/www.levante-emv.com\/comarcas\/2020\/06\/04\/juzgado-obliga-bar-retirar-salida-11422563.html\" target=\"_blank\" rel=\"noopener noreferrer\">Un juzgado obliga a un bar a retirar la salida de humos de la fachada \u2197<\/a><\/p>\n","protected":false},"excerpt":{"rendered":"<p>Molestias por Humos y Olores de un Bar Ruidoso Sin Salida de Humos; Caso Solucionado EL PROBLEMA Bar ilegal por carecer la cocina de la reglamentaria salida de humos, tambi\u00e9n denunciado por ruidos Bar-cervecer\u00eda que est\u00e1 causando desagradables molestias por humos y malos olores, por carecer la cocina de la necesaria salida de humos, as\u00ed &hellip; <a href=\"http:\/\/www.abogadosruidos.com\/blog\/bar-cocina-sin-salida-de-humos-olores\" class=\"more-link\">Continuar leyendo<span class=\"screen-reader-text\"> \u00abBar con Cocina Sin Salida de Humos y Olores: Solucionado\u00bb<\/span><\/a><\/p>\n","protected":false},"author":1,"featured_media":0,"comment_status":"closed","ping_status":"open","sticky":false,"template":"","format":"standard","meta":{"om_disable_all_campaigns":false,"_exactmetrics_skip_tracking":false,"_exactmetrics_sitenote_active":false,"_exactmetrics_sitenote_note":"","_exactmetrics_sitenote_category":0,"_mi_skip_tracking":false,"_monsterinsights_sitenote_active":false,"_monsterinsights_sitenote_note":"","_monsterinsights_sitenote_category":0},"categories":[15],"tags":[],"aioseo_notices":[],"_links":{"self":[{"href":"http:\/\/www.abogadosruidos.com\/blog\/wp-json\/wp\/v2\/posts\/1786"}],"collection":[{"href":"http:\/\/www.abogadosruidos.com\/blog\/wp-json\/wp\/v2\/posts"}],"about":[{"href":"http:\/\/www.abogadosruidos.com\/blog\/wp-json\/wp\/v2\/types\/post"}],"author":[{"embeddable":true,"href":"http:\/\/www.abogadosruidos.com\/blog\/wp-json\/wp\/v2\/users\/1"}],"replies":[{"embeddable":true,"href":"http:\/\/www.abogadosruidos.com\/blog\/wp-json\/wp\/v2\/comments?post=1786"}],"version-history":[{"count":48,"href":"http:\/\/www.abogadosruidos.com\/blog\/wp-json\/wp\/v2\/posts\/1786\/revisions"}],"predecessor-version":[{"id":1847,"href":"http:\/\/www.abogadosruidos.com\/blog\/wp-json\/wp\/v2\/posts\/1786\/revisions\/1847"}],"wp:attachment":[{"href":"http:\/\/www.abogadosruidos.com\/blog\/wp-json\/wp\/v2\/media?parent=1786"}],"wp:term":[{"taxonomy":"category","embeddable":true,"href":"http:\/\/www.abogadosruidos.com\/blog\/wp-json\/wp\/v2\/categories?post=1786"},{"taxonomy":"post_tag","embeddable":true,"href":"http:\/\/www.abogadosruidos.com\/blog\/wp-json\/wp\/v2\/tags?post=1786"}],"curies":[{"name":"wp","href":"https:\/\/api.w.org\/{rel}","templated":true}]}}