{"id":1763,"date":"2024-01-23T12:57:53","date_gmt":"2024-01-23T11:57:53","guid":{"rendered":"http:\/\/www.abogadosruidos.com\/blog\/?p=1763"},"modified":"2024-01-23T12:57:53","modified_gmt":"2024-01-23T11:57:53","slug":"denunciar-ayuntamiento-ruidos-fiestas-patronales","status":"publish","type":"post","link":"http:\/\/www.abogadosruidos.com\/blog\/denunciar-ayuntamiento-ruidos-fiestas-patronales","title":{"rendered":"7 Razones para Denunciar \u00a1Ya!, Ruidos de Fiestas del Ayuntamiento"},"content":{"rendered":"<h2><strong><em>Fiestas y Conciertos Ruidosos<\/em> del Ayuntamiento: \u00bfQu\u00e9 hacer?<\/strong><\/h2>\n<h3>Razones para no tener miedo al acoso p\u00fablico y <strong><em>denunciar<\/em> los ruidos de las <em>fiestas patronales<\/em> organizadas por el propio <em>Ayuntamiento<\/em><\/strong><\/h3>\n<p class=\"dropCap\">El <strong>ruido de las <em>fiestas<\/em> del pueblo o barrio<\/strong> donde usted vive puede llegar a ser un problema grave. Todo depende de d\u00f3nde est\u00e9 su casa y de <strong>d\u00f3nde se celebren esas <em>fiestas y conciertos organizados por el Ayuntamiento<\/em><\/strong>. Si son sitios cercanos, puede llegar a convertirse en un aut\u00e9ntico infierno.<\/p>\n<p><!--more Leer m\u00e1s--><\/p>\n<p>Estas <strong><em>fiestas patronales<\/em> del Ayuntamiento<\/strong> y tienen una funci\u00f3n muy positiva, la de crear comunidad y sentimiento de identidad entre <em>vecinos.<\/em> Esto es fundamental para la cohesi\u00f3n social.<\/p>\n<div class=\"ladillo boxShadow\">\n  <q>Algunos creen que para que haya m\u00e1s diversi\u00f3n tienen que hacer m\u00e1s ruido<\/q><\/div>\n<p>Hasta aqu\u00ed ning\u00fan problema, si no fuera porque <span class=\"txtBold\">en nuestra tradici\u00f3n tenemos muy asociado el concepto de<\/span> <strong><em>festejo<\/em> al de ruido<\/strong>. Y casi pareciera que cuanto m\u00e1s <em>ruidoso<\/em> es el ambiente, mejor se cree que se lo pasa uno.<\/p>\n<hr \/>\n<h3>7 Razones para <em>denunciar<\/em> a su propio <em>Ayuntamiento<\/em> por ruidos de <em>conciertos<\/em> y festejos<\/h3>\n<p class=\"dropCap\">1. Proteja su <em>salud<\/em> y la de su familia, est\u00e1 en su leg\u00edtimo derecho<\/p>\n<p class=\"dropCap\">2. Los Tribunales y la Ley le amparan a usted en esos derechos<\/p>\n<p class=\"dropCap\">3. No est\u00e1s solo o sola ante esta situaci\u00f3n<\/p>\n<p class=\"dropCap\">4. Las <strong>asociaciones contra el <em>ruido<\/em><\/strong> les dar\u00e1n su apoyo en los medios<\/p>\n<p class=\"dropCap\">5. El <em>acoso p\u00fablico<\/em> es un delito<\/p>\n<p class=\"dropCap\">6. H\u00e1galo por civismo y responsabilidad ciudadana<\/p>\n<p class=\"dropCap\">7. Defienda unas fiestas patronales menos embrutecedoras, m\u00e1s sanas y respetuosas.<\/p>\n<h4>1. Proteja su <em>salud<\/em> y la de su familia, est\u00e1 en su leg\u00edtimo derecho<\/h4>\n<p>La exposici\u00f3n constante a <strong><em>niveles<\/em> elevados de <em>ruido<\/em><\/strong> puede tener\u00a0consecuencias muy perjudiciales para la <em>salud,<\/em> tanto a corto y como a largo plazo .<\/p>\n<p>Cuanto m\u00e1s tiempo pase aguantando los <em>ruidos<\/em> m\u00e1s probabilidades hay de que usted o su familia sufra <strong>da\u00f1os en su <em>salud<\/em><\/strong><em>,<\/em> que en algunos caso pueden ser irreversibles.<\/p>\n<p>Los trastornos del sue\u00f1o, irritabilidad, dificultad para concentrarse, son frecuentes entre los que padecen ambientes <em>ruidosos<\/em>.<\/p>\n<p>Hay estudios m\u00e9dicos que demuestran que someterse a <strong>altos <em>niveles de ruido<\/em><\/strong> <span class=\"txtBold\">aumenta la tensi\u00f3n <em>arterial<\/em><\/span> lo que incrementa el riesgo de sufrir una <strong>enfermedad del coraz\u00f3n<\/strong>.<\/p>\n<p>Tambi\u00e9n pueden darse enfermedades propias del o\u00eddo como p\u00e9rdida auditiva, ac\u00fafenos (o\u00edr zumbidos o pitidos), etc.<\/p>\n<h4>2. Los Tribunales y la Ley le amparan a usted en esos derechos<\/h4>\n<p>La Ley est\u00e1 de su lado. Usted tiene <strong>derecho a proteger su <em>salud<\/em><\/strong> y la de su familia, como ya hemos dicho; pero tambi\u00e9n tiene derecho a la intimidad de su domicilio sin que <strong>ning\u00fan <em>ruido<\/em> molesto invada su hogar<\/strong>. Y, por \u00faltimo, derecho al descanso, tan necesario por otra parte para su salud, bienestar y calidad de vida.<\/p>\n<p>Al <strong><em>denunciar<\/em> los ruidos de las <em>fiestas<\/em> organizadas por el <em>Ayuntamiento<\/em><\/strong> se defiende el derecho al descanso. La tranquilidad y el reposo son esenciales para la salud mental y f\u00edsica de las personas, y la <em>denuncia<\/em> es un medio para proteger este derecho b\u00e1sico.<\/p>\n<h4>3. No est\u00e1s solo o sola ante esta situaci\u00f3n<\/h4>\n<p>Hay muchas personas que tambi\u00e9n <strong>sufren el ruido de las <em>fiestas patronales<\/em><\/strong> y que quieren ponerle fin. A menudo nuestros clientes se sorprenden al ver la cantidad de vecinos que les dan apoyo y respaldo personal por su coraje y valent\u00eda al <strong><em>demandar al Ayuntamiento<\/em> por permitir y organizar <em>fiestas ruidosas<\/em><\/strong>.<\/p>\n<h4>4. Las <strong>asociaciones contra el <em>ruido<\/em><\/strong> le dar\u00e1n su apoyo en los medios<\/h4>\n<p>En Espa\u00f1a hay numerosas plataformas o grupos de afectados comprometidos en la lucha <strong><em>contra el ruido<\/em><\/strong> que le dar\u00e1n apoyo y cobertura en redes y medios de comunicaci\u00f3n.<\/p>\n<h4>5. El <em>acoso p\u00fablico<\/em> es un delito<\/h4>\n<p>Si usted, tras <strong>demandar al Ayuntamiento por ruido<\/strong>, llegase a sufrir una campa\u00f1a de acoso p\u00fablico en los medios, podr\u00eda <em>denunciarlo<\/em> ante los Tribunales.<\/p>\n<p>Ning\u00fan ciudadano tiene que tolerar amenazas, insultos o coacciones por parte de nadie. El <em>acoso p\u00fablico<\/em> es un delito grave y ser\u00e1 castigado severamente.<\/p>\n<h4>6. H\u00e1galo por civismo y responsabilidad ciudadana<\/h4>\n<p>La <em>denuncia del ruido<\/em> no solo responde a intereses personales, sino que es esencial para contribuir a la construcci\u00f3n de un entorno m\u00e1s armonioso.<\/p>\n<p><strong><em>Denunciar ruidos<\/em> de fiestas patronales<\/strong> representa un acto de empoderamiento c\u00edvico. No es solo un derecho, sino tambi\u00e9n un deber ciudadano expresar la incomodidad generada por la <em>contaminaci\u00f3n ac\u00fastica<\/em>.<\/p>\n<div class=\"ladillo boxShadow\"><q>Si nadie denuncia un problema, jam\u00e1s podr\u00e1 resolverse<\/q><\/div>\n<p>En \u00faltima instancia, la resignaci\u00f3n ante la <em>contaminaci\u00f3n ac\u00fastica<\/em> perpet\u00faa un problema que puede evitarse. La <strong><em>denuncia del ruido<\/em><\/strong>, libre de miedo, representa un paso esencial hacia la protecci\u00f3n de la salud y el <span class=\"txtBold\">bienestar de todos<\/span>.<\/p>\n<p>No tener miedo al acoso p\u00fablico implica que se est\u00e1 participando activamente en la creaci\u00f3n de un espacio com\u00fan donde la convivencia sea m\u00e1s equilibrada y armoniosa.<\/p>\n<h4>7. Defienda unas <em>fiestas patronales<\/em> menos embrutecedoras, m\u00e1s sanas y m\u00e1s respetuosas.<\/h4>\n<p>No tener miedo a <em>denunciar ruidos<\/em> excesivos no implica oponerse a los eventos festivos, como se dice a veces injustamente, sino abogar por disfrutar de ellos de manera responsable.<\/p>\n<p>La <strong><em>denuncia<\/em><\/strong> <span class=\"txtBold\">busca equilibrar la diversi\u00f3n con el respeto hacia la tranquilidad de la comunidad<\/span>, preservando as\u00ed el derecho de todos a participar en <em>celebraciones<\/em> sin que ello implique un empobrecimiento grave de su calidad de vida.<\/p>\n<hr \/>\n<p class=\"dropCap\">\u2713 En conjunto, estas razones fundamentan la importancia de <strong>no tener miedo al acoso p\u00fablico al <em>denunciar ruidos<\/em> molestos<\/strong>, destacando la necesidad de proteger su salud, promover el bienestar de la comunidad y respetar los derechos fundamentales de cada ciudadano.<\/p>\n<p class=\"dropCap\">\u211bicardo Ayala &#8211; StopRuido \ud83d\udd07<\/p>\n<hr \/>\n<h4>Consulte su caso conmigo<\/h4>\n<p>No se quede con dudas, h\u00e1game su <strong><em>consulta sobre ruidos<\/em><\/strong>:<\/p>\n<p><a title=\"Consulta Gratis Problema Ruidos | Consultar Abogado Ruido\" href=\"..\/consultar-gratis-abogado-problemas-ruidos.php\">\u2709 CONSULTE su caso conmigo y le dar\u00e9 a su <strong>problema de ruidos por <em>fiestas patronales o conciertos<\/em> organizados por el Ayuntamiento<\/strong> una soluci\u00f3n personalizada \u27a8<\/a><\/p>\n<p class=\"dropCap\">Tambi\u00e9n puede contactarnos por tel\u00e9fono:<\/p>\n<p class=\"tlfBig\">915 91 40 43<\/p>\n<hr \/>\n","protected":false},"excerpt":{"rendered":"<p>Fiestas y Conciertos Ruidosos del Ayuntamiento: \u00bfQu\u00e9 hacer? Razones para no tener miedo al acoso p\u00fablico y denunciar los ruidos de las fiestas patronales organizadas por el propio Ayuntamiento El ruido de las fiestas del pueblo o barrio donde usted vive puede llegar a ser un problema grave. Todo depende de d\u00f3nde est\u00e9 su casa &hellip; <a href=\"http:\/\/www.abogadosruidos.com\/blog\/denunciar-ayuntamiento-ruidos-fiestas-patronales\" class=\"more-link\">Continuar leyendo<span class=\"screen-reader-text\"> \u00ab7 Razones para Denunciar \u00a1Ya!, Ruidos de Fiestas del Ayuntamiento\u00bb<\/span><\/a><\/p>\n","protected":false},"author":1,"featured_media":0,"comment_status":"closed","ping_status":"open","sticky":false,"template":"","format":"standard","meta":{"om_disable_all_campaigns":false,"_exactmetrics_skip_tracking":false,"_exactmetrics_sitenote_active":false,"_exactmetrics_sitenote_note":"","_exactmetrics_sitenote_category":0,"_mi_skip_tracking":false,"_monsterinsights_sitenote_active":false,"_monsterinsights_sitenote_note":"","_monsterinsights_sitenote_category":0},"categories":[4],"tags":[33,89,48],"aioseo_notices":[],"_links":{"self":[{"href":"http:\/\/www.abogadosruidos.com\/blog\/wp-json\/wp\/v2\/posts\/1763"}],"collection":[{"href":"http:\/\/www.abogadosruidos.com\/blog\/wp-json\/wp\/v2\/posts"}],"about":[{"href":"http:\/\/www.abogadosruidos.com\/blog\/wp-json\/wp\/v2\/types\/post"}],"author":[{"embeddable":true,"href":"http:\/\/www.abogadosruidos.com\/blog\/wp-json\/wp\/v2\/users\/1"}],"replies":[{"embeddable":true,"href":"http:\/\/www.abogadosruidos.com\/blog\/wp-json\/wp\/v2\/comments?post=1763"}],"version-history":[{"count":14,"href":"http:\/\/www.abogadosruidos.com\/blog\/wp-json\/wp\/v2\/posts\/1763\/revisions"}],"predecessor-version":[{"id":1777,"href":"http:\/\/www.abogadosruidos.com\/blog\/wp-json\/wp\/v2\/posts\/1763\/revisions\/1777"}],"wp:attachment":[{"href":"http:\/\/www.abogadosruidos.com\/blog\/wp-json\/wp\/v2\/media?parent=1763"}],"wp:term":[{"taxonomy":"category","embeddable":true,"href":"http:\/\/www.abogadosruidos.com\/blog\/wp-json\/wp\/v2\/categories?post=1763"},{"taxonomy":"post_tag","embeddable":true,"href":"http:\/\/www.abogadosruidos.com\/blog\/wp-json\/wp\/v2\/tags?post=1763"}],"curies":[{"name":"wp","href":"https:\/\/api.w.org\/{rel}","templated":true}]}}