{"id":1742,"date":"2023-11-21T17:26:50","date_gmt":"2023-11-21T16:26:50","guid":{"rendered":"http:\/\/www.abogadosruidos.com\/blog\/?p=1742"},"modified":"2023-11-23T12:00:46","modified_gmt":"2023-11-23T11:00:46","slug":"fiestas-ruidosas-ayuntamiento-ocana-facuspat","status":"publish","type":"post","link":"http:\/\/www.abogadosruidos.com\/blog\/fiestas-ruidosas-ayuntamiento-ocana-facuspat","title":{"rendered":"Comunicado de la Federaci\u00f3n de Asociaciones Contra la Contaminaci\u00f3n Ac\u00fastica; FACUSPAT"},"content":{"rendered":"<h2><strong>Contra el Ruido de las Fiestas del <em>Ayuntamiento<\/em> Oca\u00f1a<\/strong><\/h2>\n<h3>Comunicado en apoyo a las vecinas que han <strong>denunciado la Contaminaci\u00f3n Ac\u00fastica de las <em>Fiestas Patronales<\/em><\/strong><\/h3>\n<p class=\"dropCap\">En este art\u00edculo publicamos el <strong>comunicado de una asociaci\u00f3n contra el <em>ruido<\/em><\/strong> ( <abbr title=\"Federaci\u00f3n de Asociaciones Contra la Contaminaci\u00f3n Ac\u00fastica y Defensa del Patrimonio Hist\u00f3rico\">FACUSPAT<\/abbr> ) que muestra su apoyo a qui\u00e9nes est\u00e1n siendo <strong>acosados por <em>denunciar el ruido<\/em> de las fiestas organizadas por el <em>Ayuntamiento<\/em> de Oca\u00f1a<\/strong>.<\/p>\n<p>Tambi\u00e9n publicamos el comunicado de apoyo de Juristas Contra El Ruido.<\/p>\n<p>Si desea conocer mejor este caso, le recomendamos que <span class=\"txtBold\">lea nuestros comentarios a la<\/span> <strong><em>sentencia<\/em><\/strong> que ha dado lugar a toda esta controversia:<\/p>\n<p><a title=\"Ruido Fiestas Ayto. \u00bfSon \u00fatiles las Medidas Cautelares?\" href=\".\/ruidos-fiestas-ayuntamiento-medidas-cautelares-ocana.php\">Medidas Cautelares y ruido por la celebraci\u00f3n de las Fiestas del Ayuntamiento de Oca\u00f1a \u2192<\/a><\/p>\n<hr \/>\n<h4>COMUNICADO de la <abbr title=\"Federaci\u00f3n de Asociaciones Contra la Contaminaci\u00f3n Ac\u00fastica y Defensa del Patrimonio Hist\u00f3rico\">FACUSPAT<\/abbr><\/h4>\n<p class=\"dropCap\">Ante las reacciones que ha suscitado en Oca\u00f1a (Toledo) el Auto del Juzgado de lo <em>Contencioso Administrativo<\/em> N\u00famero 1 de Toledo, desde la <strong>Federaci\u00f3n de Asociaciones Contra la <em>Contaminaci\u00f3n Ac\u00fastica<\/em><\/strong> y Defensa del Patrimonio Hist\u00f3rico, FACUSPAT, federaci\u00f3n de \u00e1mbito nacional, manifestamos nuestra <span class=\"txtBold\">solidaridad con las personas que est\u00e1n sufriendo <em>acoso<\/em> por haber ejercido su<\/span> <strong>derecho a defender su <em>salud<\/em><\/strong>.<\/p>\n<p><!--more Leer m\u00e1s del Comunicado--><\/p>\n<p>Desde <abbr title=\"Federaci\u00f3n de Asociaciones Contra la Contaminaci\u00f3n Ac\u00fastica y Defensa del Patrimonio Hist\u00f3rico\">FACUSPAT<\/abbr> emitimos este comunicado pensando en las <span class=\"txtBold\"><em>vecinas de Oca\u00f1a<\/em> que han interpuesto el contencioso<\/span>, conscientes de las presiones a las que est\u00e1n siendo sometidas. A ellas nos dirigimos: <span class=\"txtBold\">Est\u00e1is ejerciendo un derecho constitucional<\/span>, no flaque\u00e9is. Estamos con vosotras.<\/p>\n<h3><strong>Ruido y <em>Salud<\/em><\/strong><\/h3>\n<div class=\"ladillo boxShadow\"><q>El ruido tambi\u00e9n da\u00f1a seriamente la salud<\/q><\/div>\n<p>El <strong><em>ruido<\/em> mata<\/strong>. No solamente es pernicioso para los residentes en una zona <em>ruidosa<\/em>, <strong>tambi\u00e9n da\u00f1a la <em>salud<\/em><\/strong> <span class=\"txtBold\">de quienes se exponen a \u00e9l movidos por otras razones<\/span>, como participar del <em>ocio<\/em> en un ambiente <em>ruidoso<\/em> o trabajar en el <strong>ambiente <em>ruidoso<\/em> de la fiesta<\/strong>.<\/p>\n<p>Las <span class=\"txtBold\">actividades <em>ruidosas<\/em> no tienen cabida en las zonas residenciales<\/span> de nuestras sociedades. La soluci\u00f3n no est\u00e1 en acosar ni demonizar a unos <em>vecinos<\/em> que <span class=\"txtBold\">lo \u00fanico que desean es vivir en paz en sus domicilios<\/span>.<\/p>\n<h3><strong>La responsabilidad de los <em>ayuntamientos<\/em> en la contaminaci\u00f3n ac\u00fastica<\/strong><\/h3>\n<div class=\"ladillo boxShadow\"><q><strong>Los <em>ayuntamientos<\/em> deben cumplir sus <em>normativa de ruidos<\/em><\/strong><\/q><\/div>\n<p>Hacemos un <span class=\"txtBold\">llamamiento a los<\/span> <strong><em>ayuntamientos:<\/em> deben ser los primeros en cumplir la legalidad<\/strong> y la defensa de los derechos fundamentales de las personas, en el \u00e1mbito de sus municipios. Su inactividad o negligencia, ante su <strong>obligaci\u00f3n de regular y controlar la <em>contaminaci\u00f3n ac\u00fastica<\/em><\/strong>, est\u00e1 facilitando el incumplimiento de las leyes y de sus propias <em>normativas<\/em>.<\/p>\n<p>As\u00ed las cosas el <em>contencioso administrativo<\/em> es la \u00fanica salida que nos queda a los ciudadanos para <strong>defender nuestro <em>derecho a la salud<\/em><\/strong> <span class=\"txtBold\">y a la inviolabilidad de nuestros domicilios<\/span>.<\/p>\n<p><abbr title=\"Federaci\u00f3n de Asociaciones Contra la Contaminaci\u00f3n Ac\u00fastica y Defensa del Patrimonio Hist\u00f3rico\">FACUSPAT<\/abbr>; Madrid, 13 de noviembre de 2023<\/p>\n<hr \/>\n<h4>COMUNICADO de <strong>Juristas Contra el Ruido<\/strong><\/h4>\n<p><img decoding=\"async\" loading=\"lazy\" class=\"aligncenter wp-image-1758 size-full\" src=\"http:\/\/www.abogadosruidos.com\/blog\/wp-content\/uploads\/2023\/11\/juristas-contra-ruido-comunicado-fiestas-ocana.jpg\" alt=\"Comunicado de Juristas Contra El Ruido en apoyo a los que sufren acoso al haber denunciado el ruido de las Fiestas del Ayuntamiento de Oca\u00f1a\" width=\"929\" height=\"778\" srcset=\"http:\/\/www.abogadosruidos.com\/blog\/wp-content\/uploads\/2023\/11\/juristas-contra-ruido-comunicado-fiestas-ocana.jpg 929w, http:\/\/www.abogadosruidos.com\/blog\/wp-content\/uploads\/2023\/11\/juristas-contra-ruido-comunicado-fiestas-ocana-300x251.jpg 300w, http:\/\/www.abogadosruidos.com\/blog\/wp-content\/uploads\/2023\/11\/juristas-contra-ruido-comunicado-fiestas-ocana-768x643.jpg 768w\" sizes=\"(max-width: 709px) 85vw, (max-width: 909px) 67vw, (max-width: 1362px) 62vw, 840px\" \/><\/p>\n<hr \/>\n<p><span class=\"txtBold\">NOTICIAS Relacionadas<\/span><\/p>\n<p>C\u00f3mo se han hecho eco los medios de este comunicado:<\/p>\n<p><a title=\"Una asociaci\u00f3n contra el ruido apoya a las vecinas de Oca\u00f1a\" href=\"https:\/\/www.latribunadetoledo.es\/noticia\/zad630895-d6e5-5b53-0175c770b5811913\/202311\/una-asociacion-contra-el-ruido-apoya-a-las-vecinas-de-ocana\" target=\"_blank\" rel=\"noopener noreferrer\">Una asociaci\u00f3n <strong>contra el <em>ruido<\/em><\/strong> apoya a las vecinas de Oca\u00f1a \u2197<\/a><\/p>\n<hr \/>\n","protected":false},"excerpt":{"rendered":"<p>Contra el Ruido de las Fiestas del Ayuntamiento Oca\u00f1a Comunicado en apoyo a las vecinas que han denunciado la Contaminaci\u00f3n Ac\u00fastica de las Fiestas Patronales En este art\u00edculo publicamos el comunicado de una asociaci\u00f3n contra el ruido ( FACUSPAT ) que muestra su apoyo a qui\u00e9nes est\u00e1n siendo acosados por denunciar el ruido de las &hellip; <a href=\"http:\/\/www.abogadosruidos.com\/blog\/fiestas-ruidosas-ayuntamiento-ocana-facuspat\" class=\"more-link\">Continuar leyendo<span class=\"screen-reader-text\"> \u00abComunicado de la Federaci\u00f3n de Asociaciones Contra la Contaminaci\u00f3n Ac\u00fastica; FACUSPAT\u00bb<\/span><\/a><\/p>\n","protected":false},"author":1,"featured_media":0,"comment_status":"closed","ping_status":"open","sticky":false,"template":"","format":"standard","meta":{"om_disable_all_campaigns":false,"_exactmetrics_skip_tracking":false,"_exactmetrics_sitenote_active":false,"_exactmetrics_sitenote_note":"","_exactmetrics_sitenote_category":0,"_mi_skip_tracking":false,"_monsterinsights_sitenote_active":false,"_monsterinsights_sitenote_note":"","_monsterinsights_sitenote_category":0},"categories":[19],"tags":[33,48,18],"aioseo_notices":[],"_links":{"self":[{"href":"http:\/\/www.abogadosruidos.com\/blog\/wp-json\/wp\/v2\/posts\/1742"}],"collection":[{"href":"http:\/\/www.abogadosruidos.com\/blog\/wp-json\/wp\/v2\/posts"}],"about":[{"href":"http:\/\/www.abogadosruidos.com\/blog\/wp-json\/wp\/v2\/types\/post"}],"author":[{"embeddable":true,"href":"http:\/\/www.abogadosruidos.com\/blog\/wp-json\/wp\/v2\/users\/1"}],"replies":[{"embeddable":true,"href":"http:\/\/www.abogadosruidos.com\/blog\/wp-json\/wp\/v2\/comments?post=1742"}],"version-history":[{"count":15,"href":"http:\/\/www.abogadosruidos.com\/blog\/wp-json\/wp\/v2\/posts\/1742\/revisions"}],"predecessor-version":[{"id":1759,"href":"http:\/\/www.abogadosruidos.com\/blog\/wp-json\/wp\/v2\/posts\/1742\/revisions\/1759"}],"wp:attachment":[{"href":"http:\/\/www.abogadosruidos.com\/blog\/wp-json\/wp\/v2\/media?parent=1742"}],"wp:term":[{"taxonomy":"category","embeddable":true,"href":"http:\/\/www.abogadosruidos.com\/blog\/wp-json\/wp\/v2\/categories?post=1742"},{"taxonomy":"post_tag","embeddable":true,"href":"http:\/\/www.abogadosruidos.com\/blog\/wp-json\/wp\/v2\/tags?post=1742"}],"curies":[{"name":"wp","href":"https:\/\/api.w.org\/{rel}","templated":true}]}}